{"id":35929,"date":"2025-03-01T15:44:52","date_gmt":"2025-03-01T15:44:52","guid":{"rendered":"https:\/\/247stiri.ro\/index.php\/2025\/03\/01\/zelenski-intrevedere-cruciala-cu-premierul-britanic-keir-starmer-este-foarte-important-ca-ucraina-sa-fie-auzita\/"},"modified":"2025-03-01T15:44:52","modified_gmt":"2025-03-01T15:44:52","slug":"zelenski-intrevedere-cruciala-cu-premierul-britanic-keir-starmer-este-foarte-important-ca-ucraina-sa-fie-auzita","status":"publish","type":"post","link":"https:\/\/247stiri.ro\/index.php\/2025\/03\/01\/zelenski-intrevedere-cruciala-cu-premierul-britanic-keir-starmer-este-foarte-important-ca-ucraina-sa-fie-auzita\/","title":{"rendered":"Zelenski, \u00eentrevedere crucial\u0103 cu premierul britanic Keir Starmer: Este foarte important ca Ucraina s\u0103 fie auzit\u0103"},"content":{"rendered":"<p>&#8222;Este foarte important pentru noi ca Ucraina s\u0103 fie auzit\u0103 \u0219i s\u0103 nu o uite nimeni, nici \u00een timpul r\u0103zboiului, nici dup\u0103&#8221;, a afirmat Zelenski, \u00eentr-un mesaj difuzat pe re\u021belele de socializare, \u00eenso\u021bit de imagini care \u00eel arat\u0103 \u00eempreun\u0103 cu reprezentan\u021bi ai comunit\u0103\u021bii ucrainene la Washington.Potrivit liderului de la Kiev, &#8222;este important ca oamenii din Ucraina s\u0103 \u0219tie c\u0103 nu sunt singuri, c\u0103 interesele lor sunt reprezentate \u00een fiecare \u021bar\u0103, \u00een fiecare col\u021b al lumii&#8221;.Sprijinul SUA pentru Ucraina este &#8222;crucial&#8221;, a mai spus pre\u0219edintele ucrainean la sosirea sa la Londra.Starmer urmeaz\u0103 s\u0103 se \u00eent\u00e2lneasc\u0103 cu Zelenski s\u00e2mb\u0103t\u0103 dup\u0103-amiaz\u0103, \u00eenainte de summitul celor 15 \u021b\u0103ri europene, pe care capitala britanic\u0103 \u00eel va g\u0103zdui duminic\u0103 \u0219i la care va participa \u0219i liderul ucrainean, potrivit unui purt\u0103tor de cuv\u00e2nt al Downing Street.Volodimir Zelenski a sosit \u00een Regatul Unit dup\u0103 o disput\u0103 public\u0103 f\u0103r\u0103 precedent cu pre\u0219edintele american Donald Trump \u0219i cu vicepre\u0219edintele JD Vance, vineri, \u00een Biroul Oval al Casei Albe.Pre\u0219edintele ucrainean a sosit pe aeroportul Stansted, \u00een nord-estul Londrei, la c\u00e2teva minute dup\u0103 ora 11:00 GMT, \u0219i s-a \u00eendreptat c\u0103tre o destina\u021bie care nu a fost f\u0103cut\u0103 public\u0103.Sosirea lui Zelenski la Londra este \u00eenconjurat\u0103 de o mare a\u0219teptare dup\u0103 rezultatul dezastruos al \u00eent\u00e2lnirii sale din ajun cu Donald Trump \u0219i cu vicepre\u0219edintele american JD Vance, \u00een care au fost schimbate cuvinte dure \u0219i care a dus la suspendarea semn\u0103rii acordului economic convenit \u00eentre Washington \u0219i Kiev.<\/p>","protected":false},"excerpt":{"rendered":"<p>&#8222;Este foarte important pentru noi ca Ucraina s\u0103 fie auzit\u0103 \u0219i s\u0103 nu o uite&hellip;<\/p>\n","protected":false},"author":0,"featured_media":35930,"comment_status":"open","ping_status":"open","sticky":false,"template":"","format":"standard","meta":{"footnotes":""},"categories":[4],"tags":[],"class_list":["post-35929","post","type-post","status-publish","format-standard","has-post-thumbnail","hentry","category-extern"],"_links":{"self":[{"href":"https:\/\/247stiri.ro\/index.php\/wp-json\/wp\/v2\/posts\/35929","targetHints":{"allow":["GET"]}}],"collection":[{"href":"https:\/\/247stiri.ro\/index.php\/wp-json\/wp\/v2\/posts"}],"about":[{"href":"https:\/\/247stiri.ro\/index.php\/wp-json\/wp\/v2\/types\/post"}],"replies":[{"embeddable":true,"href":"https:\/\/247stiri.ro\/index.php\/wp-json\/wp\/v2\/comments?post=35929"}],"version-history":[{"count":0,"href":"https:\/\/247stiri.ro\/index.php\/wp-json\/wp\/v2\/posts\/35929\/revisions"}],"wp:featuredmedia":[{"embeddable":true,"href":"https:\/\/247stiri.ro\/index.php\/wp-json\/wp\/v2\/media\/35930"}],"wp:attachment":[{"href":"https:\/\/247stiri.ro\/index.php\/wp-json\/wp\/v2\/media?parent=35929"}],"wp:term":[{"taxonomy":"category","embeddable":true,"href":"https:\/\/247stiri.ro\/index.php\/wp-json\/wp\/v2\/categories?post=35929"},{"taxonomy":"post_tag","embeddable":true,"href":"https:\/\/247stiri.ro\/index.php\/wp-json\/wp\/v2\/tags?post=35929"}],"curies":[{"name":"wp","href":"https:\/\/api.w.org\/{rel}","templated":true}]}}