{"id":35933,"date":"2025-03-01T15:44:54","date_gmt":"2025-03-01T15:44:54","guid":{"rendered":"https:\/\/247stiri.ro\/index.php\/2025\/03\/01\/calin-georgescu-mesaj-pentru-fortele-de-ordine-prezente-la-protest-aparati-mai-bine-poporul-roman-de-sistemul-corupt-nu-sistemul-corupt-de-poporul-roman\/"},"modified":"2025-03-01T15:44:54","modified_gmt":"2025-03-01T15:44:54","slug":"calin-georgescu-mesaj-pentru-fortele-de-ordine-prezente-la-protest-aparati-mai-bine-poporul-roman-de-sistemul-corupt-nu-sistemul-corupt-de-poporul-roman","status":"publish","type":"post","link":"https:\/\/247stiri.ro\/index.php\/2025\/03\/01\/calin-georgescu-mesaj-pentru-fortele-de-ordine-prezente-la-protest-aparati-mai-bine-poporul-roman-de-sistemul-corupt-nu-sistemul-corupt-de-poporul-roman\/","title":{"rendered":"C\u0103lin Georgescu, mesaj pentru for\u021bele de ordine prezente la protest: Ap\u0103ra\u021bi mai bine poporul rom\u00e2n de sistemul corupt, NU sistemul corupt de poporul rom\u00e2n"},"content":{"rendered":"<p>&#8222;Fra\u021bilor, \u00eei spuneam Anei Maria \u0219i lui George. Sunt impresionat &#8211; \u0219i v\u0103 spun \u0219i vou\u0103 &#8211; de c\u00e2te for\u021be de ordine s-au desf\u0103\u0219urat ast\u0103zi. Este de neimaginat c\u00e2t de mul\u021bi sunt.<\/p>\n<p>M\u0103 adresez lor pentru c\u0103 sunt rom\u00e2ni de-ai no\u0219tri. Fra\u021bilor, pe cine de cine ap\u0103ra\u021bi? Ap\u0103ra\u021bi mai bine poporul rom\u00e2n de sistemul corupt \u0219i nu apararti sistemul corupt de poporul rom\u00e2n.\u00a0<\/p>\n<p>Vreau s\u0103 fiu al\u0103turi de partidele patriotice AUR \u0219i POT \u0219i de to\u021bi ceilal\u021bi, s\u0103 fiu pre\u0219edinte al tuturor rom\u00e2nilor. De azi \u00eenainte sper c\u0103 \u0219i Jandarmeria va \u00een\u021belege \u0219i toate for\u021bele de ordine c\u0103 sunt parte din acest popor, c\u0103 trebuie s\u0103 fim \u00eempreun\u0103, s\u0103 ne iubim, s\u0103 comunic\u0103m. Suntem o \u021bar\u0103. Doar \u00eempreun\u0103 al\u0103turi de Dumnezeu. V\u0103 mul\u021bumesc tuturor!<\/p>\n<p>\u00cenc\u0103 odat\u0103 v\u0103 spun, ast\u0103zi am scris istorie, nu am f\u0103cut politic\u0103. V\u0103 mul\u021bumesc tuturor!&#8221;, a transmis, s\u00e2mb\u0103t\u0103, C\u0103lin Georgescu, de pe scena amplasat\u0103 \u00een Pia\u021ba Victoriei, acolo unde are loc cel mai mare protest organizat \u00een Rom\u00e2nia dup\u0103 anularea alegerilor preziden\u021biale.\u00a0<\/p>","protected":false},"excerpt":{"rendered":"<p>&#8222;Fra\u021bilor, \u00eei spuneam Anei Maria \u0219i lui George. Sunt impresionat &#8211; \u0219i v\u0103 spun \u0219i&hellip;<\/p>\n","protected":false},"author":0,"featured_media":35934,"comment_status":"open","ping_status":"open","sticky":false,"template":"","format":"standard","meta":{"footnotes":""},"categories":[3],"tags":[],"class_list":["post-35933","post","type-post","status-publish","format-standard","has-post-thumbnail","hentry","category-politica"],"_links":{"self":[{"href":"https:\/\/247stiri.ro\/index.php\/wp-json\/wp\/v2\/posts\/35933","targetHints":{"allow":["GET"]}}],"collection":[{"href":"https:\/\/247stiri.ro\/index.php\/wp-json\/wp\/v2\/posts"}],"about":[{"href":"https:\/\/247stiri.ro\/index.php\/wp-json\/wp\/v2\/types\/post"}],"replies":[{"embeddable":true,"href":"https:\/\/247stiri.ro\/index.php\/wp-json\/wp\/v2\/comments?post=35933"}],"version-history":[{"count":0,"href":"https:\/\/247stiri.ro\/index.php\/wp-json\/wp\/v2\/posts\/35933\/revisions"}],"wp:featuredmedia":[{"embeddable":true,"href":"https:\/\/247stiri.ro\/index.php\/wp-json\/wp\/v2\/media\/35934"}],"wp:attachment":[{"href":"https:\/\/247stiri.ro\/index.php\/wp-json\/wp\/v2\/media?parent=35933"}],"wp:term":[{"taxonomy":"category","embeddable":true,"href":"https:\/\/247stiri.ro\/index.php\/wp-json\/wp\/v2\/categories?post=35933"},{"taxonomy":"post_tag","embeddable":true,"href":"https:\/\/247stiri.ro\/index.php\/wp-json\/wp\/v2\/tags?post=35933"}],"curies":[{"name":"wp","href":"https:\/\/api.w.org\/{rel}","templated":true}]}}