{"id":35935,"date":"2025-03-01T15:44:55","date_gmt":"2025-03-01T15:44:55","guid":{"rendered":"https:\/\/247stiri.ro\/index.php\/2025\/03\/01\/alera-la-cluj-un-barbat-a-intrat-in-mai-multe-case-iar-apoi-a-devastat-casa-parohiala-a-unui-preot-politia-l-a-dus-la-psihiatrie\/"},"modified":"2025-03-01T15:44:55","modified_gmt":"2025-03-01T15:44:55","slug":"alera-la-cluj-un-barbat-a-intrat-in-mai-multe-case-iar-apoi-a-devastat-casa-parohiala-a-unui-preot-politia-l-a-dus-la-psihiatrie","status":"publish","type":"post","link":"https:\/\/247stiri.ro\/index.php\/2025\/03\/01\/alera-la-cluj-un-barbat-a-intrat-in-mai-multe-case-iar-apoi-a-devastat-casa-parohiala-a-unui-preot-politia-l-a-dus-la-psihiatrie\/","title":{"rendered":"Aler\u0103 la Cluj! Un b\u0103rbat a intrat \u00een mai multe case, iar apoi a devastat Casa Parohial\u0103 a unui preot: poli\u021bia l-a dus la Psihiatrie"},"content":{"rendered":"<p>Anchetatorii au \u00eent\u00e2mpinat dificult\u0103\u021bi \u00een comunicarea cu el, relateaz\u0103 \u0218tiri dee Cluj.\u00a0<\/p>\n<p>\u201eLa data de 1 martie a.c., i\u0302n jurul orei 07:30, polit\u0326is\u0326tii Sect\u0326iei 2 Polit\u0326ie Rurala\u0306 Apahida au fost sesizat\u0326i de un ba\u0306rbat din localitatea Dezmir cu privire la faptul ca\u0306 o persoana\u0306 necunoscuta\u0306, ava\u0302nd un comportament agresiv, ar fi provocat distrugeri i\u0302n imobilul sa\u0306u, dupa\u0306 ce ar fi pa\u0306truns i\u0302n locuint\u0327a\u0306 prin spargerea unui geam. Polit\u0326is\u0326tii sosit\u0326i la fat\u0326a locului au intervenit prompt, identifica\u0302nd un ta\u0302na\u0306r de 25 de ani, ceta\u0306t\u0326ean stra\u0306in, pe care l-au imobilizat s\u0326i condus la sediul polit\u0326iei. Ulterior, acesta a fost internat involuntar i\u0302ntr-o unitate medicala\u0306 din Cluj-Napoca.I\u0302n urma verifica\u0306rilor, s-a stabilit ca\u0306 aceeas\u0326i persoana\u0306 ar fi provocat distrugeri s\u0326i asupra unui autovehicul parcat pe un drum public din localitate s\u0326i ar fi pa\u0306truns i\u0302n curtea unui alt imobil din zona\u0306. I\u0302n cauza\u0306, polit\u0326is\u0326tii desfa\u0306s\u0326oara\u0306 cerceta\u0306ri sub aspectul sa\u0306va\u0302rs\u0326irii infract\u0326iunilor de tentativa\u0306 de furt calificat, distrugere, amenint\u0326are, violare de domiciliu s\u0326i tulburarea ordinii s\u0326i linis\u0326tii publice\u201d, au declarat reprezentan\u021bii IPJ Cluj pentru \u0218tiri de Cluj.<\/p>\n<p>Din fericire, preotul \u0219i familia au reu\u0219it s\u0103 scape nev\u0103t\u0103ma\u021bi. Autorit\u0103\u021bile continu\u0103 investiga\u021biile \u0219i evalueaz\u0103 pagubele produse, iar agresorul risc\u0103 un dosar penal pentru distrugere.<\/p>","protected":false},"excerpt":{"rendered":"<p>Anchetatorii au \u00eent\u00e2mpinat dificult\u0103\u021bi \u00een comunicarea cu el, relateaz\u0103 \u0218tiri dee Cluj.\u00a0 \u201eLa data de&hellip;<\/p>\n","protected":false},"author":0,"featured_media":35936,"comment_status":"open","ping_status":"open","sticky":false,"template":"","format":"standard","meta":{"footnotes":""},"categories":[2],"tags":[],"class_list":["post-35935","post","type-post","status-publish","format-standard","has-post-thumbnail","hentry","category-actual"],"_links":{"self":[{"href":"https:\/\/247stiri.ro\/index.php\/wp-json\/wp\/v2\/posts\/35935","targetHints":{"allow":["GET"]}}],"collection":[{"href":"https:\/\/247stiri.ro\/index.php\/wp-json\/wp\/v2\/posts"}],"about":[{"href":"https:\/\/247stiri.ro\/index.php\/wp-json\/wp\/v2\/types\/post"}],"replies":[{"embeddable":true,"href":"https:\/\/247stiri.ro\/index.php\/wp-json\/wp\/v2\/comments?post=35935"}],"version-history":[{"count":0,"href":"https:\/\/247stiri.ro\/index.php\/wp-json\/wp\/v2\/posts\/35935\/revisions"}],"wp:featuredmedia":[{"embeddable":true,"href":"https:\/\/247stiri.ro\/index.php\/wp-json\/wp\/v2\/media\/35936"}],"wp:attachment":[{"href":"https:\/\/247stiri.ro\/index.php\/wp-json\/wp\/v2\/media?parent=35935"}],"wp:term":[{"taxonomy":"category","embeddable":true,"href":"https:\/\/247stiri.ro\/index.php\/wp-json\/wp\/v2\/categories?post=35935"},{"taxonomy":"post_tag","embeddable":true,"href":"https:\/\/247stiri.ro\/index.php\/wp-json\/wp\/v2\/tags?post=35935"}],"curies":[{"name":"wp","href":"https:\/\/api.w.org\/{rel}","templated":true}]}}