{"id":35941,"date":"2025-03-01T16:45:22","date_gmt":"2025-03-01T16:45:22","guid":{"rendered":"https:\/\/247stiri.ro\/index.php\/2025\/03\/01\/calin-georgescu-vor-sa-mi-blocheze-candidatura-apelul-catre-miile-de-romani-prezenti-in-piata-victoriei-din-capitala\/"},"modified":"2025-03-01T16:45:22","modified_gmt":"2025-03-01T16:45:22","slug":"calin-georgescu-vor-sa-mi-blocheze-candidatura-apelul-catre-miile-de-romani-prezenti-in-piata-victoriei-din-capitala","status":"publish","type":"post","link":"https:\/\/247stiri.ro\/index.php\/2025\/03\/01\/calin-georgescu-vor-sa-mi-blocheze-candidatura-apelul-catre-miile-de-romani-prezenti-in-piata-victoriei-din-capitala\/","title":{"rendered":"C\u0103lin Georgescu: &#8222;Vor s\u0103-mi BLOCHEZE candidatura&#8221;. Apelul c\u0103tre miile de rom\u00e2ni prezen\u021bi \u00een Pia\u021ba Victoriei din Capital\u0103"},"content":{"rendered":"<p>&#8222;Cu ei impreuna si cu toti romanii care s-au saturat de coruptie si securisti &#8211; ne vom lua tara inapoi. Fara coruptie si fara securisti!<\/p>\n<p>Vor sa imi blocheze iar candidatura, eu vreau sa fiu judecat de voi toti,prin votul vostru liber. E dreptul vostru sa decideti pe cine alegeti.<\/p>\n<p>Vot liber, vot liber, vot liber!<\/p>\n<p>Eu nu contez, dar voi contati pentru Romania, pentru poprul roman, am demonstrat tuturor ce inseamna curajul de a fi roman.<\/p>\n<p>Copiii vostri vor fi mandri de voi pentur ca viitorul este al celor drepti, nu cei care stau in genunchi in fata puterilor straine. Vrem o tara demna, care sa se aiba bine cu toti, sa avem prieteni peste tot, sa avem valori: pace democratie si libertate.<\/p>\n<p>Va iubesc pe toti! Va multumesc! Sa avem incredere, credinta in noi, credinta in Dumnezeu si tara va fi a noastra. Va iubesc, dragi romani!&#8221;, a transmis Calin Georgescu in discursul sustinut sambata in Piata Victoriei.\u00a0<\/p>","protected":false},"excerpt":{"rendered":"<p>&#8222;Cu ei impreuna si cu toti romanii care s-au saturat de coruptie si securisti &#8211;&hellip;<\/p>\n","protected":false},"author":0,"featured_media":35942,"comment_status":"open","ping_status":"open","sticky":false,"template":"","format":"standard","meta":{"footnotes":""},"categories":[3],"tags":[],"class_list":["post-35941","post","type-post","status-publish","format-standard","has-post-thumbnail","hentry","category-politica"],"_links":{"self":[{"href":"https:\/\/247stiri.ro\/index.php\/wp-json\/wp\/v2\/posts\/35941","targetHints":{"allow":["GET"]}}],"collection":[{"href":"https:\/\/247stiri.ro\/index.php\/wp-json\/wp\/v2\/posts"}],"about":[{"href":"https:\/\/247stiri.ro\/index.php\/wp-json\/wp\/v2\/types\/post"}],"replies":[{"embeddable":true,"href":"https:\/\/247stiri.ro\/index.php\/wp-json\/wp\/v2\/comments?post=35941"}],"version-history":[{"count":0,"href":"https:\/\/247stiri.ro\/index.php\/wp-json\/wp\/v2\/posts\/35941\/revisions"}],"wp:featuredmedia":[{"embeddable":true,"href":"https:\/\/247stiri.ro\/index.php\/wp-json\/wp\/v2\/media\/35942"}],"wp:attachment":[{"href":"https:\/\/247stiri.ro\/index.php\/wp-json\/wp\/v2\/media?parent=35941"}],"wp:term":[{"taxonomy":"category","embeddable":true,"href":"https:\/\/247stiri.ro\/index.php\/wp-json\/wp\/v2\/categories?post=35941"},{"taxonomy":"post_tag","embeddable":true,"href":"https:\/\/247stiri.ro\/index.php\/wp-json\/wp\/v2\/tags?post=35941"}],"curies":[{"name":"wp","href":"https:\/\/api.w.org\/{rel}","templated":true}]}}