{"id":35945,"date":"2025-03-01T16:45:24","date_gmt":"2025-03-01T16:45:24","guid":{"rendered":"https:\/\/247stiri.ro\/index.php\/2025\/03\/01\/actiune-de-salvare-contracronometru-in-muntii-maramuresului-3-ucraineani-dintre-care-unul-grav-accidentat-recuperati-de-salvamontisti\/"},"modified":"2025-03-01T16:45:24","modified_gmt":"2025-03-01T16:45:24","slug":"actiune-de-salvare-contracronometru-in-muntii-maramuresului-3-ucraineani-dintre-care-unul-grav-accidentat-recuperati-de-salvamontisti","status":"publish","type":"post","link":"https:\/\/247stiri.ro\/index.php\/2025\/03\/01\/actiune-de-salvare-contracronometru-in-muntii-maramuresului-3-ucraineani-dintre-care-unul-grav-accidentat-recuperati-de-salvamontisti\/","title":{"rendered":"Ac\u021biune de salvare contracronometru \u00een Mun\u021bii Maramure\u0219ului: 3 ucraineani, dintre care unul grav accidentat, recupera\u021bi de salvamonti\u0219ti"},"content":{"rendered":"<p>&#8222;Salvatorii montani \u00eempreun\u0103 cu colegii de la Poli\u021bia de Frontier\u0103 au ajuns la cei trei ucraineni. Ace\u0219tia au v\u00e2rsta de 22, 31 \u0219i 32 ani. B\u0103iatul de 22 ani este lovit la cap, are traumatisme la membrul inferior st\u00e2ng \u0219i la membrul superior st\u00e2ng \u0219i prezint\u0103 o stare general\u0103 proast\u0103. Nefiind \u00een stare s\u0103 se deplaseze \u0219i datorit\u0103 configura\u021biei extrem de dificile de abordat a zonei s-a solicitat elicopterul cu troliu (&#8230;) pentru evacuarea aerian\u0103 a accidentatului (&#8230;). Victima va fi extras\u0103 cu elicopterul \u0219i va fi cobor\u00e2t\u0103 la baza muntelui de unde va fi preluat de un echipaj medical. Ceilal\u021bi doi ucraineni sunt evacua\u021bi pedestru, pe corzi \u0219i pe cablurile de o\u021bel montate de salvatorii montani vara trecut\u0103 (&#8230;)&#8221;, a declarat s\u00e2mb\u0103t\u0103 directorul Serviciului Public Jude\u021bean Salvamont Maramure\u0219, Dan Benga.<\/p>\n<p>Potrivit acestuia, apelul venit prin 112 a informat Salvamont Maramure\u0219 c\u0103 unul dintre ucraineni a alunecat \u00eentr-o raven\u0103, are capul spart, colegii lui reu\u0219ind pe moment s\u0103 \u00eei opreasc\u0103 s\u00e2ngerarea, dar din p\u0103cate pentru ei nu \u00eel pot extrage \u0219i nici nu se mai pot deplasa.<\/p>\n<p>La ac\u021biunea de salvare s-a deplasat o echipa de salvatori montani cu echipamente specializate pentru extrac\u021bia din raven\u0103 \u0219i cu echipamentele medicale pentru a acorda primul ajutor ucrainenilor.<\/p>\n<p>Salvatorii montani au fost sprijini\u021bi pe toat\u0103 durata opera\u021biunii de extragere de un echipaj al Sectorului Poli\u021biei de Frontiera din localitate Valea Vi\u0219eului, structur\u0103 din cadrul ITPF Sighetu Marma\u021biei.<\/p>","protected":false},"excerpt":{"rendered":"<p>&#8222;Salvatorii montani \u00eempreun\u0103 cu colegii de la Poli\u021bia de Frontier\u0103 au ajuns la cei trei&hellip;<\/p>\n","protected":false},"author":0,"featured_media":35946,"comment_status":"open","ping_status":"open","sticky":false,"template":"","format":"standard","meta":{"footnotes":""},"categories":[2],"tags":[],"class_list":["post-35945","post","type-post","status-publish","format-standard","has-post-thumbnail","hentry","category-actual"],"_links":{"self":[{"href":"https:\/\/247stiri.ro\/index.php\/wp-json\/wp\/v2\/posts\/35945","targetHints":{"allow":["GET"]}}],"collection":[{"href":"https:\/\/247stiri.ro\/index.php\/wp-json\/wp\/v2\/posts"}],"about":[{"href":"https:\/\/247stiri.ro\/index.php\/wp-json\/wp\/v2\/types\/post"}],"replies":[{"embeddable":true,"href":"https:\/\/247stiri.ro\/index.php\/wp-json\/wp\/v2\/comments?post=35945"}],"version-history":[{"count":0,"href":"https:\/\/247stiri.ro\/index.php\/wp-json\/wp\/v2\/posts\/35945\/revisions"}],"wp:featuredmedia":[{"embeddable":true,"href":"https:\/\/247stiri.ro\/index.php\/wp-json\/wp\/v2\/media\/35946"}],"wp:attachment":[{"href":"https:\/\/247stiri.ro\/index.php\/wp-json\/wp\/v2\/media?parent=35945"}],"wp:term":[{"taxonomy":"category","embeddable":true,"href":"https:\/\/247stiri.ro\/index.php\/wp-json\/wp\/v2\/categories?post=35945"},{"taxonomy":"post_tag","embeddable":true,"href":"https:\/\/247stiri.ro\/index.php\/wp-json\/wp\/v2\/tags?post=35945"}],"curies":[{"name":"wp","href":"https:\/\/api.w.org\/{rel}","templated":true}]}}