{"id":35947,"date":"2025-03-01T17:45:08","date_gmt":"2025-03-01T17:45:08","guid":{"rendered":"https:\/\/247stiri.ro\/index.php\/2025\/03\/01\/seful-nato-mesaj-ferm-pentru-volodimir-zelenski-dupa-disputa-cu-donald-trump-trebuie-sa-i-acordam-meritul-pentru-ceea-a-facut\/"},"modified":"2025-03-01T17:45:08","modified_gmt":"2025-03-01T17:45:08","slug":"seful-nato-mesaj-ferm-pentru-volodimir-zelenski-dupa-disputa-cu-donald-trump-trebuie-sa-i-acordam-meritul-pentru-ceea-a-facut","status":"publish","type":"post","link":"https:\/\/247stiri.ro\/index.php\/2025\/03\/01\/seful-nato-mesaj-ferm-pentru-volodimir-zelenski-dupa-disputa-cu-donald-trump-trebuie-sa-i-acordam-meritul-pentru-ceea-a-facut\/","title":{"rendered":"\u0218eful NATO, mesaj ferm pentru Volodimir Zelenski dup\u0103 disputa cu Donald Trump: Trebuie s\u0103-i acord\u0103m meritul pentru ceea a f\u0103cut"},"content":{"rendered":"<p>\u201eP\u00e2n\u0103 acum am fost de dou\u0103 ori la telefon cu Pre\u0219edintele Zelenski. I-am spus asta, noi trebuie s\u0103 r\u0103m\u00e2nem \u00eempreun\u0103, Statele Unite, Ucraina \u0219i Europa, pentru a aduce Ucraina la o pace durabil\u0103\u201d, a declarat Mark Rutte pentru BBC.<\/p>\n<p>\u00centrebat ce a afirmat Zelenski despre \u00eent\u00e2lnirea cu Trump, \u0219eful Alian\u021bei Nord-Atlantice a precizat c\u0103 nu are libertatea de a dezv\u0103lui ceea ce a discutat, \u201e\u00eens\u0103 ceea ce i-am spus clar este c\u0103 trebuie s\u0103 respect\u0103m cu adev\u0103rat ceea ce a f\u0103cut pre\u0219edintele Trump p\u00e2n\u0103 acum pentru Ucraina\u201d. Mark Rutte a f\u0103cut referire la rachetele antitanc Javelin pe care le-a furnizat SUA \u00een primul mandat al actualului pre\u0219edinte american.<\/p>\n<p>Ucraina, a men\u021bionat Rutte, nu ar fi \u201enic\u0103ieri\u201d f\u0103r\u0103 sprijinul american.<\/p>\n<p>\u201eA\u0219a c\u0103 i-am spus c\u0103 trebuie s\u0103-i acord\u0103m lui Trump meritul pentru ceea a f\u0103cut atunci, pentru ceea ce a f\u0103cut America de atunci \u0219i, de asemenea, pentru ceea ce America \u00eenc\u0103 mai face\u201d, a continuat secretarul general al NATO.<\/p>\n<p>El a insistat c\u0103 pre\u0219edintele Trump vrea s\u0103 construiasc\u0103 o pace durabil\u0103 \u00een Ucraina, dar \u00ee\u0219i dore\u0219te cheltuieli mai mari din partea Europei \u0219i a Canadei pentru sectorul ap\u0103r\u0103rii.<\/p>\n<p>\u201eAm vorbit o jum\u0103tate de or\u0103 joi cu Donald Trump, la telefon cu pre\u0219edintele Trump. Suntem prieteni. Lucr\u0103m de ani de zile \u00eempreun\u0103. \u0218tiu c\u0103 s-a angajat s\u0103 aduc\u0103 Ucraina la o pace durabil\u0103. Este dedicat NATO\u201d, a ad\u0103ugat Mark Rutte.<\/p>\n<p>\u201eEste important ca pre\u0219edintele Zelenski s\u0103 g\u0103seasc\u0103 o modalitate de a-\u0219i restabili rela\u021bia cu pre\u0219edintele american \u0219i cu echipa american\u0103 de conducere. Am discutat asta ieri cu Zelenski, de asemenea cu Keir Starmer (premierul britanic, n.r.)\u201d, a mai spus secretarul general al NATO.<\/p>\n<p>Oficialul a amintit de reuniunea care va avea loc duminic\u0103 la Londra \u2013 \u0219i la care va participa \u0219i Pre\u0219edintele interimar al Rom\u00e2niei, Ilie Bolojan.<\/p>\n<p>\u201eC\u00e2nd este \u00eencheiat acordul de pace, este important, \u0219i cred c\u0103 asta va ie\u0219i din ziua m\u00e2ine, c\u0103 multe \u021b\u0103ri europene sunt dispuse s\u0103 ajute pentru a se asigura c\u0103 garan\u021biile de securitate sunt \u00een vigoare \u00een Ucraina, pentru a se asigura c\u0103 acel acord de pace este de durat\u0103 \u0219i nu va fi contestat din nou de ru\u0219i\u201d, a mai declarat secretarul general al NATO, Mark Rutte.<\/p>","protected":false},"excerpt":{"rendered":"<p>\u201eP\u00e2n\u0103 acum am fost de dou\u0103 ori la telefon cu Pre\u0219edintele Zelenski. I-am spus asta,&hellip;<\/p>\n","protected":false},"author":0,"featured_media":35948,"comment_status":"open","ping_status":"open","sticky":false,"template":"","format":"standard","meta":{"footnotes":""},"categories":[4],"tags":[],"class_list":["post-35947","post","type-post","status-publish","format-standard","has-post-thumbnail","hentry","category-extern"],"_links":{"self":[{"href":"https:\/\/247stiri.ro\/index.php\/wp-json\/wp\/v2\/posts\/35947","targetHints":{"allow":["GET"]}}],"collection":[{"href":"https:\/\/247stiri.ro\/index.php\/wp-json\/wp\/v2\/posts"}],"about":[{"href":"https:\/\/247stiri.ro\/index.php\/wp-json\/wp\/v2\/types\/post"}],"replies":[{"embeddable":true,"href":"https:\/\/247stiri.ro\/index.php\/wp-json\/wp\/v2\/comments?post=35947"}],"version-history":[{"count":0,"href":"https:\/\/247stiri.ro\/index.php\/wp-json\/wp\/v2\/posts\/35947\/revisions"}],"wp:featuredmedia":[{"embeddable":true,"href":"https:\/\/247stiri.ro\/index.php\/wp-json\/wp\/v2\/media\/35948"}],"wp:attachment":[{"href":"https:\/\/247stiri.ro\/index.php\/wp-json\/wp\/v2\/media?parent=35947"}],"wp:term":[{"taxonomy":"category","embeddable":true,"href":"https:\/\/247stiri.ro\/index.php\/wp-json\/wp\/v2\/categories?post=35947"},{"taxonomy":"post_tag","embeddable":true,"href":"https:\/\/247stiri.ro\/index.php\/wp-json\/wp\/v2\/tags?post=35947"}],"curies":[{"name":"wp","href":"https:\/\/api.w.org\/{rel}","templated":true}]}}