{"id":35959,"date":"2025-03-01T18:44:49","date_gmt":"2025-03-01T18:44:49","guid":{"rendered":"https:\/\/247stiri.ro\/index.php\/2025\/03\/01\/summit-crucial-la-londra-pe-2-martie-ilie-bolojan-se-intalneste-cu-volodimir-zelenski-si-premierul-marii-britanii\/"},"modified":"2025-03-01T18:44:49","modified_gmt":"2025-03-01T18:44:49","slug":"summit-crucial-la-londra-pe-2-martie-ilie-bolojan-se-intalneste-cu-volodimir-zelenski-si-premierul-marii-britanii","status":"publish","type":"post","link":"https:\/\/247stiri.ro\/index.php\/2025\/03\/01\/summit-crucial-la-londra-pe-2-martie-ilie-bolojan-se-intalneste-cu-volodimir-zelenski-si-premierul-marii-britanii\/","title":{"rendered":"Summit crucial la Londra pe 2 martie. Ilie Bolojan se  \u00eent\u00e2lne\u0219te cu Volodimir Zelenski \u0219i premierul Marii Britanii"},"content":{"rendered":"<p>Premierul britanic Keir Starmer a transmis c\u0103 la summit au fost invita\u021bi liderii Fran\u021bei, Germaniei, Danemarcei, Italiei, Olandei, Norvegiei dar \u0219i ai altor \u021b\u0103ri din UE. Secretarul general al NATO, Mark Rutte, dar \u0219i Ursula von der Leyen \u0219i pre\u0219edintele Consiliului European Antonio Costa vor fi prezen\u021bi la Londra.<\/p>\n<p>Despre implicarea Rom\u00e2niei \u00een garan\u021biile securit\u0103\u021bii, pre\u0219edintele interimar spune c\u0103 \u021bara noastr\u0103 va sus\u021bine acest lucru.<\/p>\n<p>&#8222;Rom\u00e2nia, dac\u0103 se va lua o decizie la nivelul UE cu siguran\u021b\u0103 pentru ca aceste garan\u021bii sunt \u0219i garan\u021biile pentru Rom\u00e2nia va trebui s\u0103 sus\u021bin\u0103 acest lucru, dar nu Rom\u00e2nia asigur\u0103 garan\u021bii de securitate&#8221;, a declarat Bolojan.<\/p>\n<p>Aceasta ar fi \u0219i prima \u00eent\u00e2lnire a liderilor europeni de c\u00e2nd pre\u0219edintele Fran\u021bei \u0219i Keir Stramer s-au \u00eent\u00e2lnit cu Donald Trump la Washington.<\/p>\n<p>&#8222;\u0218ti\u021bi, britanicii mereu au avut solda\u021bi incredibili \u0219i militari \u0219i cu siguran\u021b\u0103 ei chiar \u00ee\u0219i pot purta singuri de grij\u0103. Dar dac\u0103 au nevoie de ajutor, voi fi mereu al\u0103turi de poporul acesta. 00.31 MUSCA 00.36 Te-ai descurcat foarte bine de-a lungul timpului&#8221;, a afirmat pre\u0219edintele SUA, Donald Trump.<\/p>\n<p>&#8222;Noi ne-am descurcat, sunt foarte m\u00e2ndru de \u021bara noastr\u0103 \u0219i am fost mereu acolo, sus\u021bin\u00e2ndu-ne unul pe cel\u0103lalt \u00eentre aceste dou\u0103 \u021b\u0103ri, motiv pentru care aceasta este cea mai mare alian\u021b\u0103 pentru prosperitate \u0219i securitate pe care lumea a v\u0103zut-o vreodat\u0103&#8221;, a spus Keir Stramer, premierul Angliei.<\/p>\n<p>At\u00e2t Emmanuel Macron, c\u00e2t \u0219i premierul britanic au discutat cu Donald Trump despre garan\u021biile de securitate pentru Ucraina \u0219i despre ajutorul pentru trupele europene.\u00a0<\/p>","protected":false},"excerpt":{"rendered":"<p>Premierul britanic Keir Starmer a transmis c\u0103 la summit au fost invita\u021bi liderii Fran\u021bei, Germaniei,&hellip;<\/p>\n","protected":false},"author":0,"featured_media":35956,"comment_status":"open","ping_status":"open","sticky":false,"template":"","format":"standard","meta":{"footnotes":""},"categories":[3],"tags":[],"class_list":["post-35959","post","type-post","status-publish","format-standard","has-post-thumbnail","hentry","category-politica"],"_links":{"self":[{"href":"https:\/\/247stiri.ro\/index.php\/wp-json\/wp\/v2\/posts\/35959","targetHints":{"allow":["GET"]}}],"collection":[{"href":"https:\/\/247stiri.ro\/index.php\/wp-json\/wp\/v2\/posts"}],"about":[{"href":"https:\/\/247stiri.ro\/index.php\/wp-json\/wp\/v2\/types\/post"}],"replies":[{"embeddable":true,"href":"https:\/\/247stiri.ro\/index.php\/wp-json\/wp\/v2\/comments?post=35959"}],"version-history":[{"count":0,"href":"https:\/\/247stiri.ro\/index.php\/wp-json\/wp\/v2\/posts\/35959\/revisions"}],"wp:featuredmedia":[{"embeddable":true,"href":"https:\/\/247stiri.ro\/index.php\/wp-json\/wp\/v2\/media\/35956"}],"wp:attachment":[{"href":"https:\/\/247stiri.ro\/index.php\/wp-json\/wp\/v2\/media?parent=35959"}],"wp:term":[{"taxonomy":"category","embeddable":true,"href":"https:\/\/247stiri.ro\/index.php\/wp-json\/wp\/v2\/categories?post=35959"},{"taxonomy":"post_tag","embeddable":true,"href":"https:\/\/247stiri.ro\/index.php\/wp-json\/wp\/v2\/tags?post=35959"}],"curies":[{"name":"wp","href":"https:\/\/api.w.org\/{rel}","templated":true}]}}