{"id":35974,"date":"2025-03-01T20:45:23","date_gmt":"2025-03-01T20:45:23","guid":{"rendered":"https:\/\/247stiri.ro\/index.php\/2025\/03\/01\/calin-georgescu-avertisment-dur-la-culisele-statului-paralel-europa-fara-america-nu-va-exista-iar-nato-fara-america-este-0\/"},"modified":"2025-03-01T20:45:23","modified_gmt":"2025-03-01T20:45:23","slug":"calin-georgescu-avertisment-dur-la-culisele-statului-paralel-europa-fara-america-nu-va-exista-iar-nato-fara-america-este-0","status":"publish","type":"post","link":"https:\/\/247stiri.ro\/index.php\/2025\/03\/01\/calin-georgescu-avertisment-dur-la-culisele-statului-paralel-europa-fara-america-nu-va-exista-iar-nato-fara-america-este-0\/","title":{"rendered":"C\u0103lin Georgescu, avertisment dur la &#8222;Culisele Statului Paralel&#8221;: Europa f\u0103r\u0103 America nu va exista, iar NATO f\u0103r\u0103 America este 0"},"content":{"rendered":"<p>&#8222;Valul vine \u0219i doi, orice ar face nu mai sunt bani \u0219i o s\u0103 se vad\u0103 asta. Nu mai au de unde s\u0103 ia. Cum crede\u021bi c\u0103 ar fi f\u0103cut acest val pre\u0219edintele Trump \u0219i JD Vance, nu \u00ee\u0219i permit s\u0103 spun\u0103 cuvinte f\u0103r\u0103 acoperire, cum a zis JD Vance, ei spun doar dac\u0103 au \u00een spate ceva. \u0102sta a fost capul \u0219arpelui \u0219i a fost t\u0103iat.<\/p>\n<p>Lucrurile vor lua o total\u0103 alt\u0103 \u00eentors\u0103tur\u0103 \u00een \u00eentreaga lume \u0219i \u00een Europa inclusiv. Ei nu realizeaz\u0103, dincolo de incompeten\u021b\u0103 este prostie cras\u0103. I-am supraestimat. Nu \u0219tiu despre ce e vorba, ei nu \u00een\u021beleg, au luat micul \u0219i cu berea \u0219i ne-am transferat aici \u0219i invers, asta este tot ce cunosc.<\/p>\n<p>Via\u021ba nu st\u0103 \u00een a\u0219a ceva \u0219i tocmai acest lucru se va transforma profund. Asta s-a dorit de 2000 de ani, de 2000 de ani popoarele lumii \u00eel voteaz\u0103 pe Barabas, s-a terminat cu acest episod \u00een care continu\u0103 s\u0103 cread\u0103 c\u0103 \u00eel vor avea pe Barabas&#8221;, a declarat candidatul care a c\u00e2\u0219tigat primul tur al alegerilor preziden\u021biale din 24 noiembrie.<\/p>","protected":false},"excerpt":{"rendered":"<p>&#8222;Valul vine \u0219i doi, orice ar face nu mai sunt bani \u0219i o s\u0103 se&hellip;<\/p>\n","protected":false},"author":0,"featured_media":35975,"comment_status":"open","ping_status":"open","sticky":false,"template":"","format":"standard","meta":{"footnotes":""},"categories":[3],"tags":[],"class_list":["post-35974","post","type-post","status-publish","format-standard","has-post-thumbnail","hentry","category-politica"],"_links":{"self":[{"href":"https:\/\/247stiri.ro\/index.php\/wp-json\/wp\/v2\/posts\/35974","targetHints":{"allow":["GET"]}}],"collection":[{"href":"https:\/\/247stiri.ro\/index.php\/wp-json\/wp\/v2\/posts"}],"about":[{"href":"https:\/\/247stiri.ro\/index.php\/wp-json\/wp\/v2\/types\/post"}],"replies":[{"embeddable":true,"href":"https:\/\/247stiri.ro\/index.php\/wp-json\/wp\/v2\/comments?post=35974"}],"version-history":[{"count":0,"href":"https:\/\/247stiri.ro\/index.php\/wp-json\/wp\/v2\/posts\/35974\/revisions"}],"wp:featuredmedia":[{"embeddable":true,"href":"https:\/\/247stiri.ro\/index.php\/wp-json\/wp\/v2\/media\/35975"}],"wp:attachment":[{"href":"https:\/\/247stiri.ro\/index.php\/wp-json\/wp\/v2\/media?parent=35974"}],"wp:term":[{"taxonomy":"category","embeddable":true,"href":"https:\/\/247stiri.ro\/index.php\/wp-json\/wp\/v2\/categories?post=35974"},{"taxonomy":"post_tag","embeddable":true,"href":"https:\/\/247stiri.ro\/index.php\/wp-json\/wp\/v2\/tags?post=35974"}],"curies":[{"name":"wp","href":"https:\/\/api.w.org\/{rel}","templated":true}]}}