{"id":35976,"date":"2025-03-01T21:46:55","date_gmt":"2025-03-01T21:46:55","guid":{"rendered":"https:\/\/247stiri.ro\/index.php\/2025\/03\/01\/avertismentul-care-da-fiori-emmanuel-macron-daca-putin-nu-este-oprit-va-merge-sigur-in-moldova-si-poate-mai-departe-in-romania\/"},"modified":"2025-03-01T21:46:55","modified_gmt":"2025-03-01T21:46:55","slug":"avertismentul-care-da-fiori-emmanuel-macron-daca-putin-nu-este-oprit-va-merge-sigur-in-moldova-si-poate-mai-departe-in-romania","status":"publish","type":"post","link":"https:\/\/247stiri.ro\/index.php\/2025\/03\/01\/avertismentul-care-da-fiori-emmanuel-macron-daca-putin-nu-este-oprit-va-merge-sigur-in-moldova-si-poate-mai-departe-in-romania\/","title":{"rendered":"Avertismentul care d\u0103 fiori! Emmanuel Macron: Dac\u0103 Putin nu este oprit, &#8222;va merge sigur \u00een Moldova \u0219i poate mai departe \u00een Rom\u00e2nia&#8221;"},"content":{"rendered":"<p>O &#8222;dezangajare&#8221; eventual\u0103 a SUA \u00een Ucraina &#8222;nu este \u00een interesul lor&#8221;, a apreciat pre\u0219edintele francez \u00een paginile s\u0103pt\u0103m\u00e2nalului La Tribune Dimanche, c\u0103ci &#8222;ceea ce au f\u0103cut Statele Unite \u00een ultimii trei ani este \u00een deplin\u0103 concordan\u021b\u0103 cu tradi\u021bia lor diplomatic\u0103 \u0219i militar\u0103&#8221;.<\/p>\n<p>Dac\u0103 Washingtonul ar accepta s\u0103 &#8222;semneze o \u00eencetare a focului f\u0103r\u0103 nicio garan\u021bie de securitate pentru Ucraina&#8221;, atunci &#8222;capacitatea lor de descurajare geostrategic\u0103 fa\u021b\u0103 de Rusia, China \u0219i al\u021bii ar disp\u0103rea \u00een aceea\u0219i zi&#8221;, a ar\u0103tat pre\u0219edintele francez.<\/p>\n<p>Macron sper\u0103 c\u0103 \u021b\u0103rile Uniunii Europene vor avansa rapid spre o &#8222;finan\u021bare masiv\u0103 \u0219i comun\u0103&#8221; reprezent\u00e2nd &#8222;sute de miliarde de euro&#8221; pentru a construi o ap\u0103rare comun\u0103.<\/p>\n<p>Liderii blocului comunitar se vor reuni joi la Bruxelles \u00eentr-un summit. &#8222;Am dat mandat Comisiei Europene pentru a defini nevoile de capacit\u0103\u021bi pentru a construi o ap\u0103rare comun\u0103&#8221;, c\u0103ci trebuie &#8216;mobilizate finan\u021b\u0103ri comune cu sute de miliarde de euro&#8217; \u0219i aceasta \u00een mod &#8222;rapid&#8221;, a declarat el pentru Parisien.<\/p>\n<p>Interviul a fost acordat publica\u021biilor Parisien, La Tribune Dimanche, JDD \u0219i Ouest-France.<\/p>","protected":false},"excerpt":{"rendered":"<p>O &#8222;dezangajare&#8221; eventual\u0103 a SUA \u00een Ucraina &#8222;nu este \u00een interesul lor&#8221;, a apreciat pre\u0219edintele&hellip;<\/p>\n","protected":false},"author":0,"featured_media":35977,"comment_status":"open","ping_status":"open","sticky":false,"template":"","format":"standard","meta":{"footnotes":""},"categories":[4],"tags":[],"class_list":["post-35976","post","type-post","status-publish","format-standard","has-post-thumbnail","hentry","category-extern"],"_links":{"self":[{"href":"https:\/\/247stiri.ro\/index.php\/wp-json\/wp\/v2\/posts\/35976","targetHints":{"allow":["GET"]}}],"collection":[{"href":"https:\/\/247stiri.ro\/index.php\/wp-json\/wp\/v2\/posts"}],"about":[{"href":"https:\/\/247stiri.ro\/index.php\/wp-json\/wp\/v2\/types\/post"}],"replies":[{"embeddable":true,"href":"https:\/\/247stiri.ro\/index.php\/wp-json\/wp\/v2\/comments?post=35976"}],"version-history":[{"count":0,"href":"https:\/\/247stiri.ro\/index.php\/wp-json\/wp\/v2\/posts\/35976\/revisions"}],"wp:featuredmedia":[{"embeddable":true,"href":"https:\/\/247stiri.ro\/index.php\/wp-json\/wp\/v2\/media\/35977"}],"wp:attachment":[{"href":"https:\/\/247stiri.ro\/index.php\/wp-json\/wp\/v2\/media?parent=35976"}],"wp:term":[{"taxonomy":"category","embeddable":true,"href":"https:\/\/247stiri.ro\/index.php\/wp-json\/wp\/v2\/categories?post=35976"},{"taxonomy":"post_tag","embeddable":true,"href":"https:\/\/247stiri.ro\/index.php\/wp-json\/wp\/v2\/tags?post=35976"}],"curies":[{"name":"wp","href":"https:\/\/api.w.org\/{rel}","templated":true}]}}