{"id":35980,"date":"2025-03-01T21:46:57","date_gmt":"2025-03-01T21:46:57","guid":{"rendered":"https:\/\/247stiri.ro\/index.php\/2025\/03\/01\/george-simion-despre-protestul-din-piata-victoriei-nu-au-fost-incidente-au-dat-amenzi-pentru-cateva-drone-gasite-ca-sa-nu-se-vada-cati-am-fost\/"},"modified":"2025-03-01T21:46:57","modified_gmt":"2025-03-01T21:46:57","slug":"george-simion-despre-protestul-din-piata-victoriei-nu-au-fost-incidente-au-dat-amenzi-pentru-cateva-drone-gasite-ca-sa-nu-se-vada-cati-am-fost","status":"publish","type":"post","link":"https:\/\/247stiri.ro\/index.php\/2025\/03\/01\/george-simion-despre-protestul-din-piata-victoriei-nu-au-fost-incidente-au-dat-amenzi-pentru-cateva-drone-gasite-ca-sa-nu-se-vada-cati-am-fost\/","title":{"rendered":"George Simion, despre protestul din Pia\u021ba Victoriei: Nu au fost incidente. Au dat amenzi pentru c\u00e2teva drone g\u0103site, ca s\u0103 nu se vad\u0103 c\u00e2\u021bi am fost"},"content":{"rendered":"<p>George Simion: Vreau s\u0103 mul\u021bumesc colegilor mei care fac sacrificii, pleac\u0103 din s\u00e2nul familiei \u0219i rup din propriu buzunar ca s\u0103 fie parte a unei mi\u0219c\u0103ri care ofer\u0103 infrastructura necesar\u0103 pentru a combate acest r\u0103u care este \u00eenr\u0103d\u0103cinat. \u00centr-adev\u0103r \u0219tiam cu to\u021bii c\u0103 exist\u0103 stat paralel, \u0219tiam reprezentan\u021bii s\u0103-i deseam\u0103, \u00eens\u0103 nu \u0219tiam c\u0103 sunt capabili s\u0103 fac\u0103 chiar a\u0219a de mult r\u0103u, s\u0103 treac\u0103 de orice linie ro\u0219ie \u0219i ca o compara\u021bie la ce am vorbit mai devreme, cred c\u0103 asta a p\u0103\u021bit \u0219i Donald Trump \u00een primul lui mandat, \u00een care aproape a fost \u00eenvins de deep state-ul american, nu a putut face multe pentru c\u0103 nu \u0219tia.<\/p>\n<p>Acum \u0219tie \u0219i \u00een prima lun\u0103 a celui de-al doilea s-o mandat, a luat mai multe ac\u021biuni dec\u00e2t \u0219i a f\u0103cut mult mai multe lucruri bune pentru poporul american, pentru c\u0103 el a jurat credin\u021b\u0103 \u0219i \u00een campanie a promis lucruri poporului american de care acum se \u021bine. \u00centr-adev\u0103r modelul acesta de pace care a func\u021bionat p\u00e2n\u0103 acum \u0219i care trebuie s\u0103 r\u0103m\u00e2n\u0103 \u00een vigoare Pax Americana \u0219i mari oameni care au descris sistemul, arhitectura actual\u0103 geopolitic\u0103 de la Henry Kissinger p\u00e2n\u0103 la de-ai no\u0219trii, Neo\u0219 Mircea Mali\u021ba, descriu cel mai bine faptul c\u0103 noi ca o \u021bar\u0103 mic\u0103 \u00een acest moment la grani\u021b\u0103 de imperii trebuie s\u0103 avem grij\u0103 s\u0103 nu fim pe mas\u0103. Din p\u0103cate nu suntem la mas\u0103 \u0219i l-am v\u0103zut pe domnul Bolojan c\u00e2t de slab se prezint\u0103.<\/p>\n<p>Vreau s\u0103 le mul\u021bumesc colegilor mei pentru felul \u00een care s-au ocupat de organizarea mitingului de ast\u0103zi. Avem o echip\u0103 t\u00e2n\u0103r\u0103 la conducerea AUR, Mihai Anache, Titus P\u0103unescu, Gianina \u0218erban, tot secretarii no\u0219tri, executivi \u0219i liderii de filiale. N-au fost incidente \u0219i jandarmeria, cei care trebuiau s\u0103 propage ceva au \u00eencercat s\u0103 propage, au dat amenzi pentru c\u00e2teva drone g\u0103site, s-au legat de be\u021bele.<\/p>\n<p>Anca Alexandrescu: N-am \u00een\u021beles c\u0103 au fost luate toate dronele.<\/p>\n<p>George Simion: Ca s\u0103 nu se vad\u0103 c\u00e2\u021bi am fost.<\/p>\n<p>Anca Alexandrescu: Exact.<\/p>\n<p>George Simion: Am fost la fel de mul\u021bi c\u00e2t au fost \u00een 2017 \u0219i 2019.<\/p>\n<p>Anca Alexandrescu: N-am ar\u0103tat imaginile, fotografiile vorbesc.<\/p>\n<p>George Simion: Protestatari. S-au legat de be\u021bele de la steaguri \u0219i at\u00e2t. N-au avut de ce s\u0103 se lege, nici n-aveam nevoie ast\u0103zi de jandarmi.<\/p>\n<p>Anca Alexandrescu: \u00cen mod sigur ast\u0103zi au fost mai multe steaguri dec\u00e2t au fost atunci. M\u0103 refer la steagul Rom\u00e2niei.<\/p>\n<p>George Simion: E suficient s\u0103 vezi o imagine de sus, nu cele ar\u0103tate selectiv de unele televiziuni. \u0218i aici, \u00eentr-adev\u0103r, jurnali\u0219tii, reporterii n-au nicio vin\u0103 pentru c\u0103 patronii lor le dau conex.<\/p>\n<p>Anca Alexandrescu: \u0218i m-am bucurat foarte tare c\u0103 la final evenimentului a\u021bi invitat pe to\u021bi pe scen\u0103 ca s\u0103 poat\u0103 s\u0103 fac\u0103 fotografii dintr-un umblu.<\/p>\n<p>George Simion: S\u0103-\u0219i fac\u0103 miseria. Exact. \u0218i jandarmii \u0219i poli\u021bi\u0219tii \u0219i jurnali\u0219tii.<\/p>\n<p>Faptul c\u0103 la o anumit\u0103 televiziune pe care a\u021bi pomenit-o mai devreme sunt denigrate \u00een ultimul hal. Am \u00een\u021beles c\u0103 sunte\u021bi legionari, sunte\u021bi cu potra, legionarii auri mercenarii lui Simeon. Simeon a plecat la meeting direct dintr-un bar unde a petrecut toat\u0103 noapte \u0219i fel de fel de inven\u021bii.<\/p>\n<p>Deja lucrurile acestea nu mai sunt crezute de c\u0103tre oameni care ne cunosc, au v\u0103zut \u00een cine pot avea \u00eencredere, \u00een cine nu se vinde, \u00een cine nu tr\u0103deaz\u0103. \u0218i cred c\u0103 este un pas \u00eenainte pentru societatea rom\u00e2neasc\u0103. Au venit foarte multe mesaje din str\u0103in\u0103tate.<\/p>","protected":false},"excerpt":{"rendered":"<p>George Simion: Vreau s\u0103 mul\u021bumesc colegilor mei care fac sacrificii, pleac\u0103 din s\u00e2nul familiei \u0219i&hellip;<\/p>\n","protected":false},"author":0,"featured_media":35981,"comment_status":"open","ping_status":"open","sticky":false,"template":"","format":"standard","meta":{"footnotes":""},"categories":[3],"tags":[],"class_list":["post-35980","post","type-post","status-publish","format-standard","has-post-thumbnail","hentry","category-politica"],"_links":{"self":[{"href":"https:\/\/247stiri.ro\/index.php\/wp-json\/wp\/v2\/posts\/35980","targetHints":{"allow":["GET"]}}],"collection":[{"href":"https:\/\/247stiri.ro\/index.php\/wp-json\/wp\/v2\/posts"}],"about":[{"href":"https:\/\/247stiri.ro\/index.php\/wp-json\/wp\/v2\/types\/post"}],"replies":[{"embeddable":true,"href":"https:\/\/247stiri.ro\/index.php\/wp-json\/wp\/v2\/comments?post=35980"}],"version-history":[{"count":0,"href":"https:\/\/247stiri.ro\/index.php\/wp-json\/wp\/v2\/posts\/35980\/revisions"}],"wp:featuredmedia":[{"embeddable":true,"href":"https:\/\/247stiri.ro\/index.php\/wp-json\/wp\/v2\/media\/35981"}],"wp:attachment":[{"href":"https:\/\/247stiri.ro\/index.php\/wp-json\/wp\/v2\/media?parent=35980"}],"wp:term":[{"taxonomy":"category","embeddable":true,"href":"https:\/\/247stiri.ro\/index.php\/wp-json\/wp\/v2\/categories?post=35980"},{"taxonomy":"post_tag","embeddable":true,"href":"https:\/\/247stiri.ro\/index.php\/wp-json\/wp\/v2\/tags?post=35980"}],"curies":[{"name":"wp","href":"https:\/\/api.w.org\/{rel}","templated":true}]}}