{"id":35982,"date":"2025-03-01T21:46:58","date_gmt":"2025-03-01T21:46:58","guid":{"rendered":"https:\/\/247stiri.ro\/index.php\/2025\/03\/01\/circulatia-feroviara-oprita-intre-statiile-radoiesti-olteni-o-persoana-decedata-observata-in-gabaritul-liniei-mai-multe-trenuri-afectate\/"},"modified":"2025-03-01T21:46:58","modified_gmt":"2025-03-01T21:46:58","slug":"circulatia-feroviara-oprita-intre-statiile-radoiesti-olteni-o-persoana-decedata-observata-in-gabaritul-liniei-mai-multe-trenuri-afectate","status":"publish","type":"post","link":"https:\/\/247stiri.ro\/index.php\/2025\/03\/01\/circulatia-feroviara-oprita-intre-statiile-radoiesti-olteni-o-persoana-decedata-observata-in-gabaritul-liniei-mai-multe-trenuri-afectate\/","title":{"rendered":"Circula\u021bia feroviar\u0103, OPRIT\u0102 \u00eentre sta\u021biile R\u0103doie\u0219ti-Olteni: o persoan\u0103 DECEDAT\u0102, observat\u0103 \u00een gabaritul liniei. Mai multe trenuri, afectate"},"content":{"rendered":"<p>&#8222;Preciz\u0103m faptul c\u0103 organele de anchet\u0103 vor desf\u0103\u0219ura opera\u021biunile necesare legale \u00een zon\u0103, timp \u00een care circula\u021bia trenurilor va r\u0103m\u00e2ne \u00eenchis\u0103&#8221;, informeaz\u0103 s\u00e2mb\u0103t\u0103 seara CFR SA.<\/p>\n<p>Conform estim\u0103rilor, vor fi afectate trenurile IR 11501 Bucure\u0219ti Nord &#8211; Arad (Astra Trans Carpatic), R 9307 Bucure\u0219ti Basarab &#8211; Ro\u0219iori Nord \u0219i IR 1836 Cluj Napoca &#8211; Bucure\u0219ti Nord (CFR C\u0103l\u0103tori).<\/p>\n<p>&#8222;Men\u021bion\u0103m c\u0103 circula\u021bia feroviar\u0103 va fi reluat\u0103 dup\u0103 ce organele de anchet\u0103 vor finaliza opera\u021biunile necesare legale \u0219i \u00ee\u0219i vor da acordul. Regret\u0103m disconfortul creat \u0219i v\u0103 inform\u0103m c\u0103 personalul responsabil ac\u021bioneaz\u0103 pentru reluarea circula\u021biei pe distan\u021ba R\u0103doie\u0219ti &#8211; Olteni \u00een condi\u021bii de siguran\u021b\u0103&#8221;, au transmis reprezentan\u021bii companiei.\u00a0<\/p>","protected":false},"excerpt":{"rendered":"<p>&#8222;Preciz\u0103m faptul c\u0103 organele de anchet\u0103 vor desf\u0103\u0219ura opera\u021biunile necesare legale \u00een zon\u0103, timp \u00een&hellip;<\/p>\n","protected":false},"author":0,"featured_media":35983,"comment_status":"open","ping_status":"open","sticky":false,"template":"","format":"standard","meta":{"footnotes":""},"categories":[2],"tags":[],"class_list":["post-35982","post","type-post","status-publish","format-standard","has-post-thumbnail","hentry","category-actual"],"_links":{"self":[{"href":"https:\/\/247stiri.ro\/index.php\/wp-json\/wp\/v2\/posts\/35982","targetHints":{"allow":["GET"]}}],"collection":[{"href":"https:\/\/247stiri.ro\/index.php\/wp-json\/wp\/v2\/posts"}],"about":[{"href":"https:\/\/247stiri.ro\/index.php\/wp-json\/wp\/v2\/types\/post"}],"replies":[{"embeddable":true,"href":"https:\/\/247stiri.ro\/index.php\/wp-json\/wp\/v2\/comments?post=35982"}],"version-history":[{"count":0,"href":"https:\/\/247stiri.ro\/index.php\/wp-json\/wp\/v2\/posts\/35982\/revisions"}],"wp:featuredmedia":[{"embeddable":true,"href":"https:\/\/247stiri.ro\/index.php\/wp-json\/wp\/v2\/media\/35983"}],"wp:attachment":[{"href":"https:\/\/247stiri.ro\/index.php\/wp-json\/wp\/v2\/media?parent=35982"}],"wp:term":[{"taxonomy":"category","embeddable":true,"href":"https:\/\/247stiri.ro\/index.php\/wp-json\/wp\/v2\/categories?post=35982"},{"taxonomy":"post_tag","embeddable":true,"href":"https:\/\/247stiri.ro\/index.php\/wp-json\/wp\/v2\/tags?post=35982"}],"curies":[{"name":"wp","href":"https:\/\/api.w.org\/{rel}","templated":true}]}}