{"id":35986,"date":"2025-03-02T05:46:27","date_gmt":"2025-03-02T05:46:27","guid":{"rendered":"https:\/\/247stiri.ro\/index.php\/2025\/03\/02\/vremea-duminca-2-martie-babele-vin-cu-vreme-capricioasa-la-pachet-cu-ceata-ploi-si-chiar-ninsori\/"},"modified":"2025-03-02T05:46:27","modified_gmt":"2025-03-02T05:46:27","slug":"vremea-duminca-2-martie-babele-vin-cu-vreme-capricioasa-la-pachet-cu-ceata-ploi-si-chiar-ninsori","status":"publish","type":"post","link":"https:\/\/247stiri.ro\/index.php\/2025\/03\/02\/vremea-duminca-2-martie-babele-vin-cu-vreme-capricioasa-la-pachet-cu-ceata-ploi-si-chiar-ninsori\/","title":{"rendered":"Vremea, duminc\u0103 2 martie. Babele vin cu vreme capricioas\u0103, la pachet cu cea\u021b\u0103, ploi \u0219i chiar ninsori"},"content":{"rendered":"<p>Potrivit Administra\u021biei Na\u021bionale de Meteorologie (ANM), \u00een intervalul duminic\u0103, 2 martie 2025, ora 8.00 \u2013 luni, 3 martie 2025, ora 8.00, se estimeaz\u0103 o zi cu cer majoritar noros \u0219i precipita\u021bii \u00een majoritatea regiunilor.<\/p>\n<p>\u00cen sudul \u0219i sud-estul \u021b\u0103rii, se preconizeaz\u0103 ploi extinse, \u00een timp ce \u00een centrul \u0219i nord-estul \u021b\u0103rii, precum \u0219i izolat \u00een regiunile vestice, vor fi precipita\u021bii, predominant sub form\u0103 de ploaie.<\/p>\n<p>\u00cen zonele montane, ninsorile vor fi mai frecvente, cu intensific\u0103ri moderate \u00een Carpa\u021bii Orientali \u0219i Meridionali.<\/p>\n<p>\u00cen timpul nop\u021bii, cerul va prezenta o variabilitate \u00een regiunile vestice \u0219i nordice, \u00een timp ce \u00een celelalte p\u0103r\u021bi ale \u021b\u0103rii, \u00eennor\u0103rile vor continua, dar aria precipita\u021biilor va fi redus\u0103.<\/p>\n<p>V\u00e2ntul va avea o intensitate slab\u0103 p\u00e2n\u0103 la moderat\u0103, cu intensific\u0103ri u\u0219oare la altitudini mari \u00een zonele montane (viteze ce pot dep\u0103\u0219i 70 km\/h) \u0219i pe arii restr\u00e2nse \u00een celelalte regiuni (rafale de aproximativ 40-50 km\/h), mai ales \u00een vest, sud-vest, centru \u0219i nord.<\/p>\n<p>Temperaturile pentru perioada 2 martie 2025, ora 8.00 \u2013 3 martie 2025, ora 8.00: Temperaturile maxime, mai ridicate dec\u00e2t normele pentru aceast\u0103 perioad\u0103 \u00een jum\u0103tatea vestic\u0103 \u0219i \u00een zonele \u00eenvecinate din est, se vor \u00eencadra \u00eentre 3 \u0219i 14 grade Celsius.<\/p>\n<p>Minimele termice vor oscila \u00eentre -7 grade Celsius \u00een estul Transilvaniei \u0219i 2 grade Celsius pe litoral. \u00cen anumite zone, se va forma cea\u021b\u0103.<\/p>\n<p>\u00cen Bucure\u0219ti, \u00eentre duminic\u0103, 2 martie 2025, ora 8:00 \u0219i luni, 3 martie 2025, ora 8:00, vremea va fi predominant \u00eenchis\u0103, cu ploi temporare, mai ales pe parcursul zilei. V\u00e2ntul va sufla slab p\u00e2n\u0103 la moderat, iar diminea\u021ba se vor crea condi\u021bii de cea\u021b\u0103.<\/p>\n<p>Temperatura maxim\u0103 va atinge aproximativ 8 grade Celsius, \u00een timp ce temperatura minim\u0103 va varia \u00eentre -2 \u0219i 1 grad Celsius, valori ce se \u00eencadreaz\u0103 \u00een limitele normale pentru aceast\u0103 perioad\u0103.<\/p>\n<p><a title=\"Prognoza meteo pe o luna. Cum va fi vremea in prima luna de primavara - temperaturi anormale, pana pe 31 martie\" href=\"https:\/\/www.realitatea.net\/stiri\/vremea\/prognoza-meteo-pe-o-luna-cum-va-fi-vremea-in-prima-luna-de-primavara-temperaturi-anormale-pana-pe-31-martie_67c1a37374e2ca0216304763\">Prognoza meteo pe o lun\u0103. Cum va fi vremea \u00een prima lun\u0103 de prim\u0103var\u0103 &#8211; temperaturi anormale, p\u00e2n\u0103 pe 31 martie<\/a><\/p>","protected":false},"excerpt":{"rendered":"<p>Potrivit Administra\u021biei Na\u021bionale de Meteorologie (ANM), \u00een intervalul duminic\u0103, 2 martie 2025, ora 8.00 \u2013&hellip;<\/p>\n","protected":false},"author":0,"featured_media":35987,"comment_status":"open","ping_status":"open","sticky":false,"template":"","format":"standard","meta":{"footnotes":""},"categories":[2],"tags":[],"class_list":["post-35986","post","type-post","status-publish","format-standard","has-post-thumbnail","hentry","category-actual"],"_links":{"self":[{"href":"https:\/\/247stiri.ro\/index.php\/wp-json\/wp\/v2\/posts\/35986","targetHints":{"allow":["GET"]}}],"collection":[{"href":"https:\/\/247stiri.ro\/index.php\/wp-json\/wp\/v2\/posts"}],"about":[{"href":"https:\/\/247stiri.ro\/index.php\/wp-json\/wp\/v2\/types\/post"}],"replies":[{"embeddable":true,"href":"https:\/\/247stiri.ro\/index.php\/wp-json\/wp\/v2\/comments?post=35986"}],"version-history":[{"count":0,"href":"https:\/\/247stiri.ro\/index.php\/wp-json\/wp\/v2\/posts\/35986\/revisions"}],"wp:featuredmedia":[{"embeddable":true,"href":"https:\/\/247stiri.ro\/index.php\/wp-json\/wp\/v2\/media\/35987"}],"wp:attachment":[{"href":"https:\/\/247stiri.ro\/index.php\/wp-json\/wp\/v2\/media?parent=35986"}],"wp:term":[{"taxonomy":"category","embeddable":true,"href":"https:\/\/247stiri.ro\/index.php\/wp-json\/wp\/v2\/categories?post=35986"},{"taxonomy":"post_tag","embeddable":true,"href":"https:\/\/247stiri.ro\/index.php\/wp-json\/wp\/v2\/tags?post=35986"}],"curies":[{"name":"wp","href":"https:\/\/api.w.org\/{rel}","templated":true}]}}