{"id":36000,"date":"2025-03-02T06:44:50","date_gmt":"2025-03-02T06:44:50","guid":{"rendered":"https:\/\/247stiri.ro\/index.php\/2025\/03\/02\/presedintele-braziliei-crede-ca-disputa-dintre-trump-si-zelenski-a-fost-o-scena-grotesca\/"},"modified":"2025-03-02T06:44:50","modified_gmt":"2025-03-02T06:44:50","slug":"presedintele-braziliei-crede-ca-disputa-dintre-trump-si-zelenski-a-fost-o-scena-grotesca","status":"publish","type":"post","link":"https:\/\/247stiri.ro\/index.php\/2025\/03\/02\/presedintele-braziliei-crede-ca-disputa-dintre-trump-si-zelenski-a-fost-o-scena-grotesca\/","title":{"rendered":"Pre\u0219edintele Braziliei crede c\u0103 disputa dintre Trump \u0219i Zelenski a fost o &#8216;scen\u0103 grotesc\u0103&#8217;"},"content":{"rendered":"<p>&#8216;De c\u00e2nd exist\u0103 diploma\u021bia, nu a mai existat o scen\u0103 at\u00e2t de grotesc\u0103 \u0219i lipsit\u0103 de respect precum cea care a avut loc \u00een Biroul Oval&#8217; (biroul pre\u0219edintelui american), a declarat Lula, care se afl\u0103 la Montevideo pentru \u00eenvestirea noului pre\u0219edinte uruguayan Yamandu Orsi.<\/p>\n<p>&#8216;Cred c\u0103 Zelenski a fost umilit \u0219i cred c\u0103, \u00een mintea lui Trump, Zelenski a meritat asta&#8217;, a ad\u0103ugat liderul brazilian de st\u00e2nga, care a avertizat c\u0103 este &#8216;foarte posibil ca Europa s\u0103 fie considerat\u0103 responsabil\u0103 pentru dezastrul&#8217; r\u0103zboiului.<\/p>\n<p>\u0218oca\u021bi de disputa nea\u0219teptat\u0103 de vineri din Biroul Oval, care a dus la plecarea prematur\u0103 a lui Zelenski de la Casa Alb\u0103 f\u0103r\u0103 a semna acordul asupra resurselor minerale pentru care venise, mul\u021bi lideri, \u00een special europeni, s-au gr\u0103bit s\u0103-l apere pe pre\u0219edintele ucrainean.<\/p>\n<p>Vizibil iritat, Trump l-a avertizat pe Zelenski c\u0103 se g\u0103se\u0219te &#8216;\u00eentr-o pozi\u021bie foarte proast\u0103&#8217; de negociere. &#8216;\u00cencheia\u021bi un acord (cu Rusia), altfel v\u0103 abandon\u0103m!&#8217;, a amenin\u021bat pre\u0219edintele american, care a spus c\u0103 a avut recent mai multe discu\u021bii cu Putin.<\/p>\n<p><a title='Ce injuratura i-a adresat Zelenski lui JD Vance cand a spus ca ,,a vazut stiri\" despre situatia din Ucraina, conform presei ucrainene' href=\"https:\/\/www.realitatea.net\/stiri\/actual\/ce-injuratura-ia-adresat-zelenski-lui-jd-vance-cand-a-spus-ca-a-vazut-stiri-situatia-din-ucraina-conform-presei-ucrainene_67c2a8e30e306171191d6e82\">Ce \u00eenjur\u0103tur\u0103 i-a adresat Zelenski lui JD Vance c\u00e2nd a spus c\u0103 \u201ea v\u0103zut \u0219tiri\u201d despre situa\u021bia din Ucraina, conform presei ucrainene<\/a><\/p>","protected":false},"excerpt":{"rendered":"<p>&#8216;De c\u00e2nd exist\u0103 diploma\u021bia, nu a mai existat o scen\u0103 at\u00e2t de grotesc\u0103 \u0219i lipsit\u0103&hellip;<\/p>\n","protected":false},"author":0,"featured_media":35996,"comment_status":"open","ping_status":"open","sticky":false,"template":"","format":"standard","meta":{"footnotes":""},"categories":[2],"tags":[],"class_list":["post-36000","post","type-post","status-publish","format-standard","has-post-thumbnail","hentry","category-actual"],"_links":{"self":[{"href":"https:\/\/247stiri.ro\/index.php\/wp-json\/wp\/v2\/posts\/36000","targetHints":{"allow":["GET"]}}],"collection":[{"href":"https:\/\/247stiri.ro\/index.php\/wp-json\/wp\/v2\/posts"}],"about":[{"href":"https:\/\/247stiri.ro\/index.php\/wp-json\/wp\/v2\/types\/post"}],"replies":[{"embeddable":true,"href":"https:\/\/247stiri.ro\/index.php\/wp-json\/wp\/v2\/comments?post=36000"}],"version-history":[{"count":0,"href":"https:\/\/247stiri.ro\/index.php\/wp-json\/wp\/v2\/posts\/36000\/revisions"}],"wp:featuredmedia":[{"embeddable":true,"href":"https:\/\/247stiri.ro\/index.php\/wp-json\/wp\/v2\/media\/35996"}],"wp:attachment":[{"href":"https:\/\/247stiri.ro\/index.php\/wp-json\/wp\/v2\/media?parent=36000"}],"wp:term":[{"taxonomy":"category","embeddable":true,"href":"https:\/\/247stiri.ro\/index.php\/wp-json\/wp\/v2\/categories?post=36000"},{"taxonomy":"post_tag","embeddable":true,"href":"https:\/\/247stiri.ro\/index.php\/wp-json\/wp\/v2\/tags?post=36000"}],"curies":[{"name":"wp","href":"https:\/\/api.w.org\/{rel}","templated":true}]}}