{"id":36009,"date":"2025-03-02T07:44:55","date_gmt":"2025-03-02T07:44:55","guid":{"rendered":"https:\/\/247stiri.ro\/index.php\/2025\/03\/02\/sarbatoarea-zilei-2-martie-zi-cu-o-deosebita-semnificatie-pentru-credinciosi-lasata-secului-de-branza-pentru-postul-pastelui-2025\/"},"modified":"2025-03-02T07:44:55","modified_gmt":"2025-03-02T07:44:55","slug":"sarbatoarea-zilei-2-martie-zi-cu-o-deosebita-semnificatie-pentru-credinciosi-lasata-secului-de-branza-pentru-postul-pastelui-2025","status":"publish","type":"post","link":"https:\/\/247stiri.ro\/index.php\/2025\/03\/02\/sarbatoarea-zilei-2-martie-zi-cu-o-deosebita-semnificatie-pentru-credinciosi-lasata-secului-de-branza-pentru-postul-pastelui-2025\/","title":{"rendered":"S\u0103rb\u0103toarea zilei, 2 martie. Zi cu o deosebit\u0103 semnifica\u021bie pentru credincio\u0219i: L\u0103sata Secului de br\u00e2nz\u0103 pentru postul Pa\u0219telui 2025"},"content":{"rendered":"<p>Anul acesta, at\u00e2t Pa\u0219tele ortodox, c\u00e2t \u0219i cel catolic vor fi s\u0103rb\u0103torite pe 20 aprilie, reunind tradi\u021bii \u0219i obiceiuri deopotriv\u0103 \u00een aceast\u0103 perioad\u0103 important\u0103 pentru credincio\u0219i.<\/p>\n<p>L\u0103sata Secului semnific\u0103 \u00eenceputul Postului Pa\u0219telui, fiind o perioad\u0103 de preg\u0103tire spiritual\u0103 \u0219i de ab\u021binere de la alimentele de origine animal\u0103.<\/p>\n<p>Postul \u00een sine \u00eencepe pe 3 martie \u0219i se finalizeaz\u0103 pe 19 aprilie, culmin\u00e2nd cu s\u0103rb\u0103toarea \u00cenvierii Domnului pe 20 aprilie.<\/p>\n<p>Cuv\u00e2ntul \u201esec\u201d \u00ee\u0219i are r\u0103d\u0103cinile \u00een latinescul \u201esicc\u016ds\u201d, care \u00eenseamn\u0103 \u201euscat\u201d, referindu-se la absen\u021ba gr\u0103similor din alimenta\u021bie. Cu toate acestea, dincolo de restric\u021biile alimentare, L\u0103sata Secului reprezint\u0103 un moment de purificare spiritual\u0103, \u00een care credincio\u0219ii se apropie mai mult de Dumnezeu prin rug\u0103ciune \u0219i fapte bune.<\/p>\n<p>\u00cenainte de Pa\u0219te, cre\u0219tinii observ\u0103 Postul Mare, o perioad\u0103 ce aminte\u0219te de cele 40 de zile \u0219i 40 de nop\u021bi pe care M\u00e2ntuitorul Iisus Hristos le-a petrecut \u00een post \u00eenainte de a \u00eencepe propov\u0103duirea Evangheliei. Aceast\u0103 perioad\u0103 de post se leag\u0103 \u0219i de postul lui Moise pe Muntele Sinai, c\u00e2nd acesta a a\u0219teptat s\u0103 primeasc\u0103 cuvintele lui Dumnezeu, Decalogul, inscrip\u021bionat pe Tablele Legii.<\/p>\n<p>Postul reprezint\u0103 un moment de transformare interioar\u0103, prin care cre\u0219tinii ortodoc\u0219i se preg\u0103tesc pentru \u00cenviere, at\u00e2t din punct de vedere fizic, c\u00e2t \u0219i spiritual, prin rug\u0103ciune, poc\u0103in\u021b\u0103 \u0219i abstinen\u021b\u0103 de la anumite alimente \u0219i comportamente.<\/p>\n<p>Prin post, rug\u0103ciune \u0219i fapte bune, credincio\u0219ii \u00eent\u0103resc leg\u0103tura cu Dumnezeu. Aceasta este o perioad\u0103 \u00een care se pune accent pe dezvoltarea spiritual\u0103 \u0219i pe o \u00een\u021belegere mai profund\u0103 a \u00eenv\u0103\u021b\u0103turilor cre\u0219tine. De asemenea, Postul Pa\u0219telui este un moment de \u00eencurajare pentru a efectua acte de caritate, a sprijini persoanele aflate \u00een dificultate \u0219i a fi mai aten\u021bi la nevoile celor din jur, exprim\u00e2ndu-\u0219i astfel dragostea fa\u021b\u0103 de aproapele. Postul este considerat un parcurs spiritual ce duce la celebrarea \u00cenvierii Domnului. Fiecare zi de post reprezint\u0103 un pas spre \u00een\u021belegerea \u0219i tr\u0103irea profund\u0103 a semnifica\u021biei Pa\u0219telui, care simbolizeaz\u0103 victoria asupra mor\u021bii \u0219i p\u0103catului prin \u00eenvierea lui Hristos.<\/p>\n<p>L\u0103sata Secului de br\u00e2nz\u0103 reprezint\u0103 ultima zi \u00een care se pot consuma lactate, ou\u0103 \u0219i pe\u0219te, iar din ziua urm\u0103toare \u00eencepe postul propriu-zis. Aceast\u0103 zi este cunoscut\u0103 \u0219i sub denumirea de Duminica Izgonirii lui Adam din Rai \u0219i are o semnifica\u021bie special\u0103, deoarece este momentul \u00een care credincio\u0219ii \u00ee\u0219i cer iertare unii altora, preg\u0103tindu-se astfel s\u0103 intre \u00een post cu sufletul \u00eemp\u0103cat. L\u0103sata Secului pentru Postul Pa\u0219telui din 2025 va avea loc duminic\u0103, pe 2 martie. \u00cenv\u0103\u021b\u0103tura lui Iisus ne \u00eendeamn\u0103, \u00een aceast\u0103 zi dinaintea Postului Mare, s\u0103 ne cur\u0103\u021b\u0103m de p\u0103cate, s\u0103 ne \u00eendrept\u0103m gre\u0219elile \u0219i, cel mai important, s\u0103 \u00eei iert\u0103m pe cei din jur. Este ziua iert\u0103rii, iar sufletul nostru trebuie s\u0103 se preg\u0103teasc\u0103 pentru post \u00eentr-o stare de puritate \u0219i u\u0219urin\u021b\u0103. Este esen\u021bial s\u0103 cerem iertare de la cei pe care i-am r\u0103nit \u0219i s\u0103-i iert\u0103m pe cei care ne-au gre\u0219it.<\/p>\n<p>\u00cen numeroase zone rurale din \u021bar\u0103, L\u0103sata Secului de Pa\u0219ti este considerat\u0103 o s\u0103rb\u0103toare deosebit de important\u0103, marc\u00e2nd o tranzi\u021bie \u00eentre noul an agrar \u0219i cel vechi. O tradi\u021bie comun\u0103 este organizarea unei mese festive, la care se adun\u0103 toat\u0103 familia pentru a celebra \u00eempreun\u0103. De L\u0103sata Secului, gospodarii se bucur\u0103 de sarmale, carne pr\u0103jit\u0103, \u021buic\u0103 \u0219i vin. \u00cen Ardeal, exist\u0103 un obicei care spune c\u0103, \u00een ziua dinaintea \u00eenceperii Postului Pa\u0219telui, femeile trebuie s\u0103 spele toate vasele folosite pentru prepararea m\u00e2nc\u0103rii de dulce, astfel \u00eenc\u00e2t acestea s\u0103 poat\u0103 fi utilizate pentru m\u00e2ncarea de post. \u00cen B\u0103r\u0103gan, un vechi obicei prevede c\u0103, de L\u0103sata Secului, trebuie str\u00e2nse toate oasele \u0219i resturile de m\u00e2ncare \u00eentr-o fa\u021b\u0103 de mas\u0103, care apoi trebuie aruncat\u0103 afar\u0103 spre r\u0103s\u0103rit. Oamenii rostesc cuvintele: \u201eP\u0103s\u0103rile cerului! Eu v\u0103 dau vou\u0103 hran\u0103 din masa mea, cu care s\u0103 fi\u0163i \u00eendestulate \u015fi de la holdele mele oprite\u201d. Se crede c\u0103, practic\u00e2nd acest obicei, vr\u0103biile nu vor distruge ogoarele.<\/p>\n<p>Postul Pa\u0219telui 2025 se \u00eencheie pe 19 aprilie, iar s\u0103rb\u0103toarea \u00cenvierii Domnului \u2013 Pa\u0219tele 2025 \u2013 va fi celebrat\u0103 de credincio\u0219ii ortodoc\u0219i \u0219i catolici \u00een aceea\u0219i zi, mai exact pe 20 aprilie.\u00a0<\/p>\n<p><a title=\"Sarbatoarea zilei: 1 martie 2025. Credinciosii o cinstesc azi pe o mare Sfanta Cuvioasa Mucenica \" href=\"https:\/\/www.realitatea.net\/stiri\/actual\/sarbatoarea-zilei-1-martie-2025-credinciosii-o-cinstesc-azi-pe-o-mare-sfanta-cuvioasa-mucenica_67c29e5b2704e674dc372392\">S\u0103rb\u0103toarea zilei: 1 martie 2025. Credincio\u0219ii o cinstesc azi pe o mare Sf\u00e2nt\u0103 Cuvioasa Mucenic\u0103<\/a><\/p>","protected":false},"excerpt":{"rendered":"<p>Anul acesta, at\u00e2t Pa\u0219tele ortodox, c\u00e2t \u0219i cel catolic vor fi s\u0103rb\u0103torite pe 20 aprilie,&hellip;<\/p>\n","protected":false},"author":0,"featured_media":36004,"comment_status":"open","ping_status":"open","sticky":false,"template":"","format":"standard","meta":{"footnotes":""},"categories":[2],"tags":[],"class_list":["post-36009","post","type-post","status-publish","format-standard","has-post-thumbnail","hentry","category-actual"],"_links":{"self":[{"href":"https:\/\/247stiri.ro\/index.php\/wp-json\/wp\/v2\/posts\/36009","targetHints":{"allow":["GET"]}}],"collection":[{"href":"https:\/\/247stiri.ro\/index.php\/wp-json\/wp\/v2\/posts"}],"about":[{"href":"https:\/\/247stiri.ro\/index.php\/wp-json\/wp\/v2\/types\/post"}],"replies":[{"embeddable":true,"href":"https:\/\/247stiri.ro\/index.php\/wp-json\/wp\/v2\/comments?post=36009"}],"version-history":[{"count":0,"href":"https:\/\/247stiri.ro\/index.php\/wp-json\/wp\/v2\/posts\/36009\/revisions"}],"wp:featuredmedia":[{"embeddable":true,"href":"https:\/\/247stiri.ro\/index.php\/wp-json\/wp\/v2\/media\/36004"}],"wp:attachment":[{"href":"https:\/\/247stiri.ro\/index.php\/wp-json\/wp\/v2\/media?parent=36009"}],"wp:term":[{"taxonomy":"category","embeddable":true,"href":"https:\/\/247stiri.ro\/index.php\/wp-json\/wp\/v2\/categories?post=36009"},{"taxonomy":"post_tag","embeddable":true,"href":"https:\/\/247stiri.ro\/index.php\/wp-json\/wp\/v2\/tags?post=36009"}],"curies":[{"name":"wp","href":"https:\/\/api.w.org\/{rel}","templated":true}]}}