{"id":36010,"date":"2025-03-02T07:44:56","date_gmt":"2025-03-02T07:44:56","guid":{"rendered":"https:\/\/247stiri.ro\/index.php\/2025\/03\/02\/pasi-catre-nato-2-0-franta-cere-o-autonomie-totala-europeana-in-domeniul-apararii\/"},"modified":"2025-03-02T07:44:56","modified_gmt":"2025-03-02T07:44:56","slug":"pasi-catre-nato-2-0-franta-cere-o-autonomie-totala-europeana-in-domeniul-apararii","status":"publish","type":"post","link":"https:\/\/247stiri.ro\/index.php\/2025\/03\/02\/pasi-catre-nato-2-0-franta-cere-o-autonomie-totala-europeana-in-domeniul-apararii\/","title":{"rendered":"Pa\u0219i c\u0103tre NATO 2.0. Fran\u021ba cere &#8216;o autonomie total\u0103&#8217; european\u0103 \u00een domeniul ap\u0103r\u0103rii"},"content":{"rendered":"<p>&#8216;Obiectivul trebuie s\u0103 fie autonomia strategic\u0103 european\u0103 \u00een interiorul NATO, al c\u0103rei rol nu a fost pus \u00een discu\u021bie de pre\u0219edintele Trump&#8217;, a declarat ministrul francez al economiei, Eric Lombard, \u00eentr-un interviu publicat pe site-ul jurnalului Le Parisien.<\/p>\n<p>&#8216;Uniunea European\u0103 trebuie s\u0103 investeasc\u0103 mai mult \u00een ap\u0103rarea sa. Ast\u0103zi, Statele Unite p\u0103streaz\u0103 controlul asupra armelor, de unde \u0219i nevoia de a c\u00e2\u0219tiga o autonomie total\u0103&#8217;, a ad\u0103ugat el, dup\u0103 scandalul dintre Donald Trump \u0219i Volodimir Zelenski la Casa Alb\u0103, pe care l-a descris drept un &#8216;punct de cotitur\u0103 istoric&#8217;.<\/p>\n<p>\u00centrebat dac\u0103 situa\u021bia este aceea a unei &#8216;economii de r\u0103zboi&#8217;, el a r\u0103spuns: &#8216;Nu suntem \u00eenc\u0103 acolo, dar trebuie s\u0103 fim&#8217;.<\/p>\n<p><a title='Cum a cazut Zelenski ,,in capcana intinsa de Trump\" - analiza unui politolog german' href=\"https:\/\/www.realitatea.net\/stiri\/actual\/cum-a-cazut-zelenski-in-capcana-intinsa-de-trump-analiza-unui-politolog-german_67c311bb3a0b0352d02f8a02\">Cum a c\u0103zut Zelenski \u201e\u00een capcana \u00eentins\u0103 de Trump\u201d &#8211; analiza unui politolog german<\/a><\/p>\n<p>Pre\u0219edintele francez, Emmanuel Macron, \u0219i-a exprimat speran\u021ba, \u00eentr-un interviu publicat s\u00e2mb\u0103t\u0103, ca \u021b\u0103rile Uniunii Europene s\u0103 se \u00eendrepte rapid c\u0103tre &#8216;o finan\u021bare masiv\u0103 \u0219i comun\u0103&#8217; reprezent\u00e2nd &#8216;sute de miliarde de euro&#8217; pentru a construi o ap\u0103rare comun\u0103.<\/p>\n<p>\u00cen cursul unor discu\u021bii cu internau\u021bi \u00een februarie, pre\u0219edintele Emmanuel Macron nu a exclus &#8216;lansarea unor produse de economisire&#8217; pentru a sprijini finan\u021barea programelor de ap\u0103rare, estim\u00e2nd c\u0103 Fran\u021ba ar trebui s\u0103 &#8216;m\u0103reasc\u0103&#8217; ponderea din PIB pe care o consacr\u0103 acestui lucru, de la aproximativ 2% \u00een prezent.<\/p>\n<p>Premierul francez Fran\u00e7ois Bayrou a declarat joi c\u0103 dore\u0219te ca cheltuielile militare s\u0103 fie excluse din regulile europene care limiteaz\u0103 deficitul public la 3% din PIB.<\/p>\n<p>Potrivit ministrului economiei, &#8216;este posibil din punct de vedere tehnic, dar noi trebuie s\u0103 ne control\u0103m datoria. Alte \u021b\u0103ri europene au mai mult spa\u021biu de manevr\u0103&#8217;, \u00een timp ce Fran\u021ba are unul dintre cele mai mari deficite publice din zona euro, scrie Agerpres.<\/p>\n<p>La r\u00e2ndul s\u0103u, \u0219efa diploma\u021biei germane, Annalena Baerbock, a afirmat s\u00e2mb\u0103t\u0103 c\u0103 este urgent ca Germania \u0219i UE s\u0103 \u00ee\u0219i relaxeze regulile bugetare cu scopul de a elibera resurse suplimentare pentru a-\u0219i consolida ap\u0103rarea \u0219i a ajuta Ucraina.<\/p>\n<p><a title=\"Alerta maxima: Drona ruseasca, gasita in judetul Galati, in apropierea frontierei cu R. Moldova. Drona avea incarcatura de lupta\" href=\"https:\/\/www.realitatea.net\/stiri\/actual\/alerta-maxima-drona-ruseasca-gasita-in-judetul-galati-in-apropierea-frontierei-cu-ucraina-drona-avea-incarcatura-de-lupta_67c2f5de1a13711d8f1322e3\">Alert\u0103 maxim\u0103: Dron\u0103 ruseasc\u0103, g\u0103sit\u0103 \u00een jude\u021bul Gala\u021bi, \u00een apropierea frontierei cu R. Moldova. Drona avea \u00eenc\u0103rc\u0103tur\u0103 de lupt\u0103<\/a><\/p>","protected":false},"excerpt":{"rendered":"<p>&#8216;Obiectivul trebuie s\u0103 fie autonomia strategic\u0103 european\u0103 \u00een interiorul NATO, al c\u0103rei rol nu a&hellip;<\/p>\n","protected":false},"author":0,"featured_media":36006,"comment_status":"open","ping_status":"open","sticky":false,"template":"","format":"standard","meta":{"footnotes":""},"categories":[2],"tags":[],"class_list":["post-36010","post","type-post","status-publish","format-standard","has-post-thumbnail","hentry","category-actual"],"_links":{"self":[{"href":"https:\/\/247stiri.ro\/index.php\/wp-json\/wp\/v2\/posts\/36010","targetHints":{"allow":["GET"]}}],"collection":[{"href":"https:\/\/247stiri.ro\/index.php\/wp-json\/wp\/v2\/posts"}],"about":[{"href":"https:\/\/247stiri.ro\/index.php\/wp-json\/wp\/v2\/types\/post"}],"replies":[{"embeddable":true,"href":"https:\/\/247stiri.ro\/index.php\/wp-json\/wp\/v2\/comments?post=36010"}],"version-history":[{"count":0,"href":"https:\/\/247stiri.ro\/index.php\/wp-json\/wp\/v2\/posts\/36010\/revisions"}],"wp:featuredmedia":[{"embeddable":true,"href":"https:\/\/247stiri.ro\/index.php\/wp-json\/wp\/v2\/media\/36006"}],"wp:attachment":[{"href":"https:\/\/247stiri.ro\/index.php\/wp-json\/wp\/v2\/media?parent=36010"}],"wp:term":[{"taxonomy":"category","embeddable":true,"href":"https:\/\/247stiri.ro\/index.php\/wp-json\/wp\/v2\/categories?post=36010"},{"taxonomy":"post_tag","embeddable":true,"href":"https:\/\/247stiri.ro\/index.php\/wp-json\/wp\/v2\/tags?post=36010"}],"curies":[{"name":"wp","href":"https:\/\/api.w.org\/{rel}","templated":true}]}}