{"id":36011,"date":"2025-03-02T07:44:56","date_gmt":"2025-03-02T07:44:56","guid":{"rendered":"https:\/\/247stiri.ro\/index.php\/2025\/03\/02\/ion-cristoiu-critica-miscarea-lui-bolojan-in-chestiunea-ucrainei-este-innebunit-de-gloria-europeana\/"},"modified":"2025-03-02T07:44:56","modified_gmt":"2025-03-02T07:44:56","slug":"ion-cristoiu-critica-miscarea-lui-bolojan-in-chestiunea-ucrainei-este-innebunit-de-gloria-europeana","status":"publish","type":"post","link":"https:\/\/247stiri.ro\/index.php\/2025\/03\/02\/ion-cristoiu-critica-miscarea-lui-bolojan-in-chestiunea-ucrainei-este-innebunit-de-gloria-europeana\/","title":{"rendered":"Ion Cristoiu critic\u0103 mi\u0219carea lui Bolojan \u00een chestiunea Ucrainei: \u201eEste \u00eennebunit de gloria european\u0103\u201d"},"content":{"rendered":"<p>Cristoiu spune c\u0103 Ilie Bolojan a ac\u021bionat complet imprudent \u0219i c\u0103 reac\u021bia sa ar putea costa scump Rom\u00e2nia. Totodat\u0103, gazetarul este de p\u0103rere c\u0103 era \u00een\u021belept ca \u021bara noastr\u0103 s\u0103 r\u0103m\u00e2n\u0103 impar\u021bial\u0103.\u00a0<\/p>\n<p>\u201eNu cred ca intreab\u0103 cineva care e pozitia Romaniei, putea pozitia trebuia sa fie exprimata de pre\u0219edintele provizoriu: regretam c\u0103 doi aliati au ajuns sa se certe, sper sa se impace. Asta e politica Romaniei, aceasta politica traditionala a Romaniei, care este, o poticia, dupa parerea mea, inteleapta, nu ne permitem acum sa optam, mai ales in aceste momente fierbinti. Intotdeauna noi am fost prudenti. Dar aceasta politica a fost data peste cap de Ilie Bolojan, care s-a grabit, ca ra\u021ba, fix ca o ra\u021b\u0103 cu un g\u0103ina\u021b, s-a grabit el sa scrie ca e de partea Ucrainei.<\/p>\n<p><a title=\"@ioncristoiu\" href=\"https:\/\/www.tiktok.com\/@ioncristoiu?refer=embed\" target=\"_blank\">@ioncristoiu<\/a> <a title=\"cezicecristoiu\" href=\"https:\/\/www.tiktok.com\/tag\/cezicecristoiu?refer=embed\" target=\"_blank\">#cezicecristoiu<\/a> <a title=\"stiricomentate\" href=\"https:\/\/www.tiktok.com\/tag\/stiricomentate?refer=embed\" target=\"_blank\">#stiricomentate<\/a> <a title=\"iliebolojan\" href=\"https:\/\/www.tiktok.com\/tag\/iliebolojan?refer=embed\" target=\"_blank\">#iliebolojan<\/a> <a title=\"\u266c sunet original - ioncristoiu\" href=\"https:\/\/www.tiktok.com\/music\/sunet-original-7476750440669465366?refer=embed\" target=\"_blank\">\u266c sunet original &#8211; ioncristoiu<\/a><\/p>\n<p>Repet, Bolojan asta e nebun? nu putea sa stea linistit? De imi antreznezi mie Romania de partea lui Zelenski intr un conflict cu care noi nu avem nicio treab\u0103?<\/p>\n<p>De ce a facut asta Bolojan acum? Pentru c\u0103 omul e innebunit de glorie europeana\u201d, a spus Ion Cristoiu.<\/p>\n<p><a title=\"Summit crucial la Londra pe 2 martie. Ilie Bolojan se  intalneste cu Volodimir Zelenski si premierul Marii Britanii\" href=\"https:\/\/www.realitatea.net\/stiri\/politica\/summit-crucial-la-londra-pe-2-martie-ilie-bolojan-se-intalneste-cu-volodimir-zelenski-si-premierul-marii-britanii_67c3542578d57b655b33bb42\">Summit crucial la Londra pe 2 martie. Ilie Bolojan se \u00eent\u00e2lne\u0219te cu Volodimir Zelenski \u0219i premierul Marii Britanii<\/a><\/p>","protected":false},"excerpt":{"rendered":"<p>Cristoiu spune c\u0103 Ilie Bolojan a ac\u021bionat complet imprudent \u0219i c\u0103 reac\u021bia sa ar putea&hellip;<\/p>\n","protected":false},"author":0,"featured_media":36008,"comment_status":"open","ping_status":"open","sticky":false,"template":"","format":"standard","meta":{"footnotes":""},"categories":[2],"tags":[],"class_list":["post-36011","post","type-post","status-publish","format-standard","has-post-thumbnail","hentry","category-actual"],"_links":{"self":[{"href":"https:\/\/247stiri.ro\/index.php\/wp-json\/wp\/v2\/posts\/36011","targetHints":{"allow":["GET"]}}],"collection":[{"href":"https:\/\/247stiri.ro\/index.php\/wp-json\/wp\/v2\/posts"}],"about":[{"href":"https:\/\/247stiri.ro\/index.php\/wp-json\/wp\/v2\/types\/post"}],"replies":[{"embeddable":true,"href":"https:\/\/247stiri.ro\/index.php\/wp-json\/wp\/v2\/comments?post=36011"}],"version-history":[{"count":0,"href":"https:\/\/247stiri.ro\/index.php\/wp-json\/wp\/v2\/posts\/36011\/revisions"}],"wp:featuredmedia":[{"embeddable":true,"href":"https:\/\/247stiri.ro\/index.php\/wp-json\/wp\/v2\/media\/36008"}],"wp:attachment":[{"href":"https:\/\/247stiri.ro\/index.php\/wp-json\/wp\/v2\/media?parent=36011"}],"wp:term":[{"taxonomy":"category","embeddable":true,"href":"https:\/\/247stiri.ro\/index.php\/wp-json\/wp\/v2\/categories?post=36011"},{"taxonomy":"post_tag","embeddable":true,"href":"https:\/\/247stiri.ro\/index.php\/wp-json\/wp\/v2\/tags?post=36011"}],"curies":[{"name":"wp","href":"https:\/\/api.w.org\/{rel}","templated":true}]}}