{"id":36028,"date":"2025-03-02T09:45:51","date_gmt":"2025-03-02T09:45:51","guid":{"rendered":"https:\/\/247stiri.ro\/index.php\/2025\/03\/02\/schimbare-in-partidul-lui-gabriel-oprea-unpr-devine-partidul-pentru-patrie-militari-si-politisti-in-rezerva-si-retragere-ppmprr\/"},"modified":"2025-03-02T09:45:51","modified_gmt":"2025-03-02T09:45:51","slug":"schimbare-in-partidul-lui-gabriel-oprea-unpr-devine-partidul-pentru-patrie-militari-si-politisti-in-rezerva-si-retragere-ppmprr","status":"publish","type":"post","link":"https:\/\/247stiri.ro\/index.php\/2025\/03\/02\/schimbare-in-partidul-lui-gabriel-oprea-unpr-devine-partidul-pentru-patrie-militari-si-politisti-in-rezerva-si-retragere-ppmprr\/","title":{"rendered":"Schimbare \u00een partidul lui Gabriel Oprea. UNPR devine Partidul pentru Patrie Militari \u0219i Poli\u021bi\u0219ti \u00een Rezerv\u0103 \u0219i Retragere &#8211; PPMPRR"},"content":{"rendered":"<p>Cu obiective clar definite, PPMPRR se preg\u0103te\u0219te s\u0103 devin\u0103 un actor important pe scena politic\u0103 rom\u00e2neasc\u0103, pun\u00e2nd accent pe valorile patriotice \u0219i solidaritatea \u00eentre cei care au servit patria.<\/p>\n<p>Decizia pentru aceast\u0103 transformare oficial\u0103 a fost aprobat\u0103 de c\u0103tre Tribunalul Bucure\u0219ti \u00een data de 23 Ianuarie 2025.<\/p>\n<p>Decizia vine ca urmare a unei solicit\u0103ri formulate de reprezentan\u021bii partidului, \u00een conformitate cu prevederile Legii nr. 14\/2003.<\/p>\n<p>Modificarea denumirii este \u00eenso\u021bit\u0103 de o revizuire a statutului partidului, care va reflecta noua identitate \u0219i simbolistic\u0103. Astfel, PPMPRR va adopta o sigl\u0103 distinctiv\u0103, reprezentat\u0103 de o acvil\u0103 stilizat\u0103 de culoare ar\u0103mie, av\u00e2nd \u00een cioc o cruce \u0219i o coroan\u0103. Aceasta va fi \u00eenso\u021bit\u0103 de un scut pe care se vor reg\u0103si ini\u021bialele partidului, \u00eempreun\u0103 cu o cunun\u0103 de frunze de stejar \u0219i o e\u0219arf\u0103 tricolor\u0103, toate integrate \u00eentr-un design circular care evoc\u0103 tradi\u021bia \u0219i valorile na\u021bionale.<\/p>\n\n<p>\u00cen plus, noul statut va include \u0219i detalii privind semnul electoral al partidului, care va fi identic cu sigla adoptat\u0103, precum \u0219i culoarea principal\u0103 a PPMPRR, care va fi ro\u0219ie. Drapelul va purta de asemenea semnul partidului, consolid\u00e2nd astfel identitatea vizual\u0103 a acestei noi entit\u0103\u021bi politice.<\/p>\n<p>Modificarea statutului va fi aplicat\u0103 \u00een integralitate, \u00eenlocuind toate referin\u021bele la fostul nume cu noua denumire, PPMPRR. Aceast\u0103 schimbare \u00ee\u0219i propune s\u0103 redefineasc\u0103 scopul \u0219i direc\u021bia partidului, subliniind angajamentul s\u0103u fa\u021b\u0103 de militari \u0219i poli\u021bi\u0219ti \u00een rezerv\u0103 \u0219i retragere.<\/p>\n<p>Decizia Tribunalului Bucure\u0219ti marcheaz\u0103 o etap\u0103 important\u0103 \u00een evolu\u021bia acestui partid, care \u00ee\u0219i propune s\u0103 \u00ee\u0219i re\u00eennoiasc\u0103 identitatea \u0219i s\u0103 \u00ee\u0219i reafirme misiunea \u00een peisajul politic rom\u00e2nesc.<\/p>\n<p>Partidul se preg\u0103te\u0219te acum s\u0103 \u00ee\u0219i promoveze noua identitate \u0219i s\u0103 \u00ee\u0219i contureze strategia pentru viitoarele alegeri, miz\u00e2nd pe sprijinul comunit\u0103\u021bii de militari \u0219i poli\u021bi\u0219ti, dar \u0219i al cet\u0103\u021benilor care \u00eemp\u0103rt\u0103\u0219esc acelea\u0219i valori.<\/p>\n<p><a title=\"Gabriel Oprea, mesaj de unitate: Ziua Unirii ne vorbeste mai mult decat oricand despre iubirea de tara si credinta in Dumnezeu\" href=\"https:\/\/www.realitatea.net\/stiri\/politica\/gabriel-oprea-mesaj-de-unitate-ziua-unirii-ne-vorbeste-mai-mult-decat-oricand-despre-iubirea-de-tara-si-credinta-in-dumnezeu_67935650bbae0a508876ae9d\">Gabriel Oprea, mesaj de unitate: Ziua Unirii ne vorbe\u0219te mai mult dec\u00e2t oric\u00e2nd despre iubirea de \u0163ar\u0103 \u015fi credin\u0163a \u00een Dumnezeu<\/a><\/p>","protected":false},"excerpt":{"rendered":"<p>Cu obiective clar definite, PPMPRR se preg\u0103te\u0219te s\u0103 devin\u0103 un actor important pe scena politic\u0103&hellip;<\/p>\n","protected":false},"author":0,"featured_media":36023,"comment_status":"open","ping_status":"open","sticky":false,"template":"","format":"standard","meta":{"footnotes":""},"categories":[2],"tags":[],"class_list":["post-36028","post","type-post","status-publish","format-standard","has-post-thumbnail","hentry","category-actual"],"_links":{"self":[{"href":"https:\/\/247stiri.ro\/index.php\/wp-json\/wp\/v2\/posts\/36028","targetHints":{"allow":["GET"]}}],"collection":[{"href":"https:\/\/247stiri.ro\/index.php\/wp-json\/wp\/v2\/posts"}],"about":[{"href":"https:\/\/247stiri.ro\/index.php\/wp-json\/wp\/v2\/types\/post"}],"replies":[{"embeddable":true,"href":"https:\/\/247stiri.ro\/index.php\/wp-json\/wp\/v2\/comments?post=36028"}],"version-history":[{"count":0,"href":"https:\/\/247stiri.ro\/index.php\/wp-json\/wp\/v2\/posts\/36028\/revisions"}],"wp:featuredmedia":[{"embeddable":true,"href":"https:\/\/247stiri.ro\/index.php\/wp-json\/wp\/v2\/media\/36023"}],"wp:attachment":[{"href":"https:\/\/247stiri.ro\/index.php\/wp-json\/wp\/v2\/media?parent=36028"}],"wp:term":[{"taxonomy":"category","embeddable":true,"href":"https:\/\/247stiri.ro\/index.php\/wp-json\/wp\/v2\/categories?post=36028"},{"taxonomy":"post_tag","embeddable":true,"href":"https:\/\/247stiri.ro\/index.php\/wp-json\/wp\/v2\/tags?post=36028"}],"curies":[{"name":"wp","href":"https:\/\/api.w.org\/{rel}","templated":true}]}}