{"id":36035,"date":"2025-03-02T10:44:48","date_gmt":"2025-03-02T10:44:48","guid":{"rendered":"https:\/\/247stiri.ro\/index.php\/2025\/03\/02\/o-adevarata-colectie-de-arme-letale-descoperita-la-o-femeie-din-lugoj-politistii-au-ramas-uimiti\/"},"modified":"2025-03-02T10:44:48","modified_gmt":"2025-03-02T10:44:48","slug":"o-adevarata-colectie-de-arme-letale-descoperita-la-o-femeie-din-lugoj-politistii-au-ramas-uimiti","status":"publish","type":"post","link":"https:\/\/247stiri.ro\/index.php\/2025\/03\/02\/o-adevarata-colectie-de-arme-letale-descoperita-la-o-femeie-din-lugoj-politistii-au-ramas-uimiti\/","title":{"rendered":"O adev\u0103rat\u0103 colec\u021bie de arme letale, descoperit\u0103 la o femeie din Lugoj. Poli\u021bi\u0219tii au r\u0103mas uimi\u021bi"},"content":{"rendered":"<p>Potrivit unui comunicat de pres\u0103 transmis de Inspectoratul de Poli\u021bie Jude\u021bean (IPJ) Timi\u0219, poli\u021bi\u0219tii Sec\u021biei 7 Rural\u0103 Lugoj, cu sprijinul poli\u021bi\u0219tilor din cadrul Poli\u021biei Municipiului Lugoj, au organizat o ac\u021biune de prindere \u00een flagrant delict a femeii de 48 de ani, din jude\u021bul Timi\u0219, vizat\u0103 pentru comiterea infrac\u021biunilor de nerespectarea regimului armelor \u0219i muni\u021biilor \u00een form\u0103 continuat\u0103 \u0219i participa\u021bia improprie sub forma instig\u0103rii la infrac\u021biunea de contraband\u0103 calificat\u0103, ac\u021biunea fiind organizat\u0103 \u00een cadrul unui dosar penal aflat sub supravegherea procurorului din cadrul Parchetului de pe l\u00e2ng\u0103 Judec\u0103toria Lugoj, scrie Agerpres.&#8221;\u00cen fapt, poli\u021bi\u0219tii s-au sesizat din oficiu cu privire la faptul c\u0103, \u00een cursul anului 2025, o femeie \u00een v\u00e2rst\u0103 de 48 de ani, ar fi introdus ilegal \u00een Rom\u00e2nia mai multe arme letale, f\u0103r\u0103 documente legale, din Austria. Ulterior, acestea au fost depozitate \u00een imobile folosite de c\u0103tre o alt\u0103 persoan\u0103, o femeie \u00een v\u00e2rst\u0103 de 52 de ani. Astfel, \u00een cursul zilei de 28 februarie, poli\u021bi\u0219tii au surprins-o pe femeia de 48 de ani \u00een flagrant delict, \u00een timp ce \u00eencerca s\u0103 comercializeze patru arme letale de\u021binute ilegal, 25 de cartu\u0219e cu glon\u021b \u0219i un binoclu, \u00eentr-un imobil de pe strada Splaiul 1 Decembrie 1918 din municipiul Lugoj. De asemenea, ca urmare a probatoriului administrat, la aceea\u0219i dat\u0103, au fost puse \u00een executare patru perchezi\u021bii domiciliare, trei \u00een jude\u021bul Timi\u0219 \u0219i una \u00een jude\u021bul Cara\u0219-Severin. Armele, muni\u021bia aferent\u0103 \u0219i binoclul au fost confiscate \u0219i ridicate de c\u0103tre poli\u021bi\u0219ti \u00een vederea continu\u0103rii cercet\u0103rilor. Cele dou\u0103 femei au fost re\u021binute pentru 24 de ore \u0219i introduse \u00een Centrul de Re\u021binere \u0219i Arestare Preventiv\u0103 Arad&#8221;, au transmis reprezentan\u021bii IPJ Timi\u0219.Ulterior, magistra\u021bii au dispus arestarea preventiv\u0103 pentru 30 de zile a femeii de 48 de ani, pentru s\u0103v\u00e2r\u0219irea infrac\u021biunilor de nerespectarea regimului armelor \u0219i muni\u021biilor \u00een form\u0103 continuat\u0103 \u0219i participa\u021bia improprie sub forma instig\u0103rii la infrac\u021biunea de contraband\u0103 calificat\u0103. De asemenea, femeia \u00een v\u00e2rst\u0103 de 52 de ani a fost plasat\u0103 sub control judiciar pentru o perioad\u0103 de 60 de zile, pentru s\u0103v\u00e2r\u0219irea infrac\u021biunii de complicitate la nerespectarea regimului armelor \u0219i al muni\u021biilor.\u00a0<\/p>\n<p><a title=\"Politia Romana l-a dat in urmarire pe Horatiu Potra, fiul acestuia si inca o ruda. Unde se afla seful mercenarilor\" href=\"https:\/\/www.realitatea.net\/stiri\/actual\/politia-romana-la-dat-in-urmarire-pe-horatiu-potra-fiul-acestuia-si-inca-o-ruda-unde-se-afla-seful-mercenarilor_67c2c9d00e9315610f4d2218\">Poli\u021bia Rom\u00e2n\u0103 l-a dat \u00een urm\u0103rire pe Hora\u021biu Potra, fiul acestuia \u0219i \u00eenc\u0103 o rud\u0103. Unde se afl\u0103 \u0219eful mercenarilor<\/a><\/p>","protected":false},"excerpt":{"rendered":"<p>Potrivit unui comunicat de pres\u0103 transmis de Inspectoratul de Poli\u021bie Jude\u021bean (IPJ) Timi\u0219, poli\u021bi\u0219tii Sec\u021biei&hellip;<\/p>\n","protected":false},"author":0,"featured_media":36036,"comment_status":"open","ping_status":"open","sticky":false,"template":"","format":"standard","meta":{"footnotes":""},"categories":[2],"tags":[],"class_list":["post-36035","post","type-post","status-publish","format-standard","has-post-thumbnail","hentry","category-actual"],"_links":{"self":[{"href":"https:\/\/247stiri.ro\/index.php\/wp-json\/wp\/v2\/posts\/36035","targetHints":{"allow":["GET"]}}],"collection":[{"href":"https:\/\/247stiri.ro\/index.php\/wp-json\/wp\/v2\/posts"}],"about":[{"href":"https:\/\/247stiri.ro\/index.php\/wp-json\/wp\/v2\/types\/post"}],"replies":[{"embeddable":true,"href":"https:\/\/247stiri.ro\/index.php\/wp-json\/wp\/v2\/comments?post=36035"}],"version-history":[{"count":0,"href":"https:\/\/247stiri.ro\/index.php\/wp-json\/wp\/v2\/posts\/36035\/revisions"}],"wp:featuredmedia":[{"embeddable":true,"href":"https:\/\/247stiri.ro\/index.php\/wp-json\/wp\/v2\/media\/36036"}],"wp:attachment":[{"href":"https:\/\/247stiri.ro\/index.php\/wp-json\/wp\/v2\/media?parent=36035"}],"wp:term":[{"taxonomy":"category","embeddable":true,"href":"https:\/\/247stiri.ro\/index.php\/wp-json\/wp\/v2\/categories?post=36035"},{"taxonomy":"post_tag","embeddable":true,"href":"https:\/\/247stiri.ro\/index.php\/wp-json\/wp\/v2\/tags?post=36035"}],"curies":[{"name":"wp","href":"https:\/\/api.w.org\/{rel}","templated":true}]}}