{"id":36037,"date":"2025-03-02T10:44:49","date_gmt":"2025-03-02T10:44:49","guid":{"rendered":"https:\/\/247stiri.ro\/index.php\/2025\/03\/02\/elon-musk-toarna-gaz-pe-focul-politicii-internationale-si-sustine-retragerea-sua-din-nato-si-onu\/"},"modified":"2025-03-02T10:44:49","modified_gmt":"2025-03-02T10:44:49","slug":"elon-musk-toarna-gaz-pe-focul-politicii-internationale-si-sustine-retragerea-sua-din-nato-si-onu","status":"publish","type":"post","link":"https:\/\/247stiri.ro\/index.php\/2025\/03\/02\/elon-musk-toarna-gaz-pe-focul-politicii-internationale-si-sustine-retragerea-sua-din-nato-si-onu\/","title":{"rendered":"Elon Musk toarn\u0103 gaz pe focul politicii interna\u021bionale \u0219i sus\u021bine retragerea SUA din NATO \u0219i ONU"},"content":{"rendered":"<p>\u201eSunt de acord\u201d,\u00a0a scris el ca r\u0103spuns la o postare a unui comentator politic de dreapta care spunea c\u0103\u00a0\u201eeste timpul ca SUA s\u0103 p\u0103r\u0103seasc\u0103 NATO \u0219i ONU\u201d.<\/p>\n<p>Postarea miliardarului vine dup\u0103 ce un grup de parlamentari republicani a prezentat un proiect de lege prin care se propune ie\u0219irea Statelor Unite din ONU, argument\u00e2nd c\u0103 organiza\u021bia nu se conformeaz\u0103 cu agenda \u201eAmerica First\u201d promovat\u0103 de administra\u021bia Trump.\u00a0<\/p>\n<p>I agree <a href=\"https:\/\/t.co\/ZhjBXCTQfp\">https:\/\/t.co\/ZhjBXCTQfp<\/a><\/p>\n<p>\u2014 Elon Musk (@elonmusk) <a href=\"https:\/\/twitter.com\/elonmusk\/status\/1896026564019830820?ref_src=twsrc%5Etfw\">March 2, 2025<\/a><\/p>\n<p><a title=\"Donald pare sa fie deja istorie pentru Elon. Musk are raspunsul. Stie cine va fi noul presedinte al Statele Unite\" href=\"https:\/\/www.realitatea.net\/stiri\/actual\/donald-pare-sa-fie-deja-istorie-pentru-elon-musk-are-raspunsul-stie-cine-va-fi-noul-presedinte-al-statele-unite_67c1be687302191de31b7143\">Donald pare s\u0103 fie deja istorie pentru Elon. Musk are r\u0103spunsul. \u0218tie cine va fi noul pre\u0219edinte al Statele Unite<\/a><\/p>","protected":false},"excerpt":{"rendered":"<p>\u201eSunt de acord\u201d,\u00a0a scris el ca r\u0103spuns la o postare a unui comentator politic de&hellip;<\/p>\n","protected":false},"author":0,"featured_media":36032,"comment_status":"open","ping_status":"open","sticky":false,"template":"","format":"standard","meta":{"footnotes":""},"categories":[2],"tags":[],"class_list":["post-36037","post","type-post","status-publish","format-standard","has-post-thumbnail","hentry","category-actual"],"_links":{"self":[{"href":"https:\/\/247stiri.ro\/index.php\/wp-json\/wp\/v2\/posts\/36037","targetHints":{"allow":["GET"]}}],"collection":[{"href":"https:\/\/247stiri.ro\/index.php\/wp-json\/wp\/v2\/posts"}],"about":[{"href":"https:\/\/247stiri.ro\/index.php\/wp-json\/wp\/v2\/types\/post"}],"replies":[{"embeddable":true,"href":"https:\/\/247stiri.ro\/index.php\/wp-json\/wp\/v2\/comments?post=36037"}],"version-history":[{"count":0,"href":"https:\/\/247stiri.ro\/index.php\/wp-json\/wp\/v2\/posts\/36037\/revisions"}],"wp:featuredmedia":[{"embeddable":true,"href":"https:\/\/247stiri.ro\/index.php\/wp-json\/wp\/v2\/media\/36032"}],"wp:attachment":[{"href":"https:\/\/247stiri.ro\/index.php\/wp-json\/wp\/v2\/media?parent=36037"}],"wp:term":[{"taxonomy":"category","embeddable":true,"href":"https:\/\/247stiri.ro\/index.php\/wp-json\/wp\/v2\/categories?post=36037"},{"taxonomy":"post_tag","embeddable":true,"href":"https:\/\/247stiri.ro\/index.php\/wp-json\/wp\/v2\/tags?post=36037"}],"curies":[{"name":"wp","href":"https:\/\/api.w.org\/{rel}","templated":true}]}}