{"id":36038,"date":"2025-03-02T10:44:49","date_gmt":"2025-03-02T10:44:49","guid":{"rendered":"https:\/\/247stiri.ro\/index.php\/2025\/03\/02\/zi-de-foc-pentru-viitorul-europei-summit-la-londra-pe-tema-apararii-ilie-bolojan-la-masa-cu-mai-marii-batranului-continent\/"},"modified":"2025-03-02T10:44:49","modified_gmt":"2025-03-02T10:44:49","slug":"zi-de-foc-pentru-viitorul-europei-summit-la-londra-pe-tema-apararii-ilie-bolojan-la-masa-cu-mai-marii-batranului-continent","status":"publish","type":"post","link":"https:\/\/247stiri.ro\/index.php\/2025\/03\/02\/zi-de-foc-pentru-viitorul-europei-summit-la-londra-pe-tema-apararii-ilie-bolojan-la-masa-cu-mai-marii-batranului-continent\/","title":{"rendered":"Zi de foc pentru viitorul Europei. Summit la Londra, pe tema ap\u0103r\u0103rii. Ilie Bolojan, la mas\u0103 cu mai marii b\u0103tr\u00e2nului continent"},"content":{"rendered":"<p>Ziua de 2 martie va \u00eencepe la Londra cu o reuniune a premierului britanic cu \u021b\u0103rile baltice (Lituania, Letonia, Estonia), prin videoconferin\u021b\u0103, dup\u0103 care Starmer \u00eel va primi la Downing Street pe pre\u0219edintele ucrainean, Volodimir Zelenski.\u00cenaintea summitului, premierul britanic va avea o \u00eentrevedere tete-a-tete \u0219i cu \u0219efa guvernului italian, Giorgia Meloni, care se opune unei eventuale trimiteri de trupe europene de men\u021binere a p\u0103cii \u00een Ucraina.Premierul britanic a invitat la summitul din 2 martie, din r\u00e2ndul statelor UE, \u0219efii de stat sau de guvern din Danemarca, Finlanda, Fran\u021ba, Germania, Italia, Polonia, Republica Ceh\u0103, Rom\u00e2nia, Spania \u0219i Suedia, invita\u021bii din afara blocului comunitar fiind Ucraina, Norvegia \u0219i Turcia. Vor participa, de asemenea, secretarul general al NATO, Mark Rutte, pre\u0219edinta Comisiei Europene, Ursula von der Leyen, \u0219i pre\u0219edintele Consiliului European, Antonio Costa.Premierul britanic dore\u0219te &#8216;s\u0103 fac\u0103 s\u0103 avanseze ac\u021biunea european\u0103 asupra Ucrainei, ar\u0103t\u00e2nd sprijinul nostru colectiv de neclintit fa\u021b\u0103 de ob\u021binerea unei p\u0103ci durabile \u0219i a unui acord durabil, care s\u0103 garanteze suveranitatea \u0219i securitatea viitoare a Ucrainei&#8217;, a indicat biroul s\u0103u. Potrivit Downing Street, summitul din 2 martie se va axa pe &#8216;consolidarea pozi\u021biei Ucrainei, inclusiv sprijinul militar continuu \u0219i presiunea economic\u0103 sporit\u0103 asupra Rusiei&#8217;. Participan\u021bii vor aborda \u0219i &#8216;pa\u0219ii urm\u0103tori \u00een stabilirea unor garan\u021bii solide de securitate&#8217; pentru Ucraina.Pre\u0219edintele francez, Emmanuel Macron, \u0219i premierul britanic, Keir Starmer, aduc insistent \u00een discu\u021bie tema trimiterii unor trupe de men\u021binere a p\u0103cii \u00een Ucraina, ca o garan\u021bie de securitate pentru aceast\u0103 \u021bar\u0103, de\u0219i Rusia a transmis c\u0103 se opune prezen\u021bei trupelor str\u0103ine pe teritoriul ucrainean, a mai relatat AFP.Summitul de la Londra din 2 martie 2025 are loc pe fondul unor alte reuniuni \u0219i \u00eent\u00e2lniri \u00een diverse formate, pe aceea\u0219i tem\u0103, ce au avut loc \u00een ultima perioad\u0103, \u00een contextul \u00een care pre\u0219edintele american, Donald Trump, a anun\u021bat, la 12 februarie 2025, c\u0103 a vorbit telefonic cu pre\u0219edintele Putin \u0219i a ajuns la un acord cu Moscova pentru a \u00eencepe &#8216;negocierile imediat&#8217;, cu scopul de a pune cap\u0103t r\u0103zboiului. \u00cen plus, administra\u021bia Trump a mai precizat c\u0103 este concentrat\u0103 \u00een prezent mai mult pe China dec\u00e2t pe Rusia \u0219i c\u0103 europenii vor trebui s\u0103 investeasc\u0103 mai mult \u00een propria ap\u0103rare, scrie Reuters, citat de Agerpres.<\/p>\n<p>La 17 februarie 2025, pre\u0219edintele francez, Emmanuel Macron, a g\u0103zduit o reuniune informal\u0103 de urgen\u021b\u0103, la care au participat lideri din Germania, Regatul Unit, Italia, Polonia, Spania, Olanda \u0219i Danemarca, al\u0103turi de pre\u0219edinta Comisiei Europene, Ursula von der Leyen, pre\u0219edintele Consiliului European, Antonio Costa, \u0219i secretarul general al NATO, Mark Rutte. Scopul \u00eent\u00e2lnirii a fost dezbaterea ultimelor evolu\u021bii legate de Ucraina, \u00een contextul ini\u021biativelor de pace lansate \u00een ultima perioad\u0103 de noua administra\u021bie american\u0103 condus\u0103 de pre\u0219edintele Donald Trump. Semn al unui sentiment de urgen\u021b\u0103 real, &#8221;a existat o convergen\u021b\u0103 foarte puternic\u0103 pentru a spune c\u0103 Rusia constituie o amenin\u021bare existen\u021bial\u0103 pentru europeni&#8221;, a spus \u0219eful statului francez \u00eentr-un interviu pentru presa regional\u0103, la 17 februarie.Delega\u021biile american\u0103 \u0219i rus\u0103 conduse de \u0219efii diploma\u021biilor, Marco Rubio \u0219i Serghei Lavrov, au avut, la 18 februarie, la Riad, o discu\u021bie care a durat mai mult de patru ore, prima \u00eent\u00e2lnire la care SUA \u0219i Rusia au abordat \u00eencheierea r\u0103zboiului din Ucraina, \u00een timp ce Kievul \u0219i alia\u021bii europeni au privit preocupa\u021bi, de pe margine, aceast\u0103 \u00eentrevedere la care Moscova a formulat o nou\u0103 cerere major\u0103, aceea ca Ucraina s\u0103 nu adere la NATO nici acum \u0219i nici \u00een viitor. Statele Unite \u0219i Rusia au convenit, \u00een context, stabilirea unui mecanism de consult\u0103ri pentru a aborda elementele &#8221;iritante \u00een rela\u021biile bilaterale&#8221;, cu scopul normaliz\u0103rii acestor rela\u021bii, \u0219i s\u0103 \u00eenceap\u0103 s\u0103 lucreze la o modalitate de a pune cap\u0103t r\u0103zboiului \u00een Ucraina, dup\u0103 ce pre\u0219edin\u021bii rus \u0219i american, Vladimir Putin \u0219i Donald Trump, au fost de acord \u00een convorbirea lor telefonic\u0103 din urm\u0103 cu o s\u0103pt\u0103m\u00e2n\u0103 s\u0103 ini\u021bieze negocieri de pace. C\u00e2t despre participarea Uniunii Europene la negocierile de pace, secretarul de stat american, Marco Rubio, a estimat c\u0103 aceasta &#8221;va trebui s\u0103 fie la mas\u0103 la un moment dat, \u00eentruc\u00e2t \u0219i ei au sanc\u021biuni&#8221; \u00eempotriva Rusiei, au relatat agen\u021biile Reuters, AFP \u0219i EFE.<\/p>\n<p><a title='Cum a cazut Zelenski ,,in capcana intinsa de Trump\" - analiza unui politolog german' href=\"https:\/\/www.realitatea.net\/stiri\/actual\/cum-a-cazut-zelenski-in-capcana-intinsa-de-trump-analiza-unui-politolog-german_67c311bb3a0b0352d02f8a02\">Cum a c\u0103zut Zelenski \u201e\u00een capcana \u00eentins\u0103 de Trump\u201d &#8211; analiza unui politolog german<\/a>O nou\u0103 reuniune informal\u0103 la ini\u021biativa pre\u0219edintelui francez, Emmanuel Macron, a avut loc la 19 februarie, prin videoconferin\u021b\u0103, pentru a g\u0103si o pozi\u021bie comun\u0103 cu privire la Ucraina \u0219i la ap\u0103rarea colectiv\u0103. Au participat prin videoconferin\u021b\u0103 \u0219efi de stat sau de guvern din Estonia, Letonia, Lituania, Cipru, Finlanda, Belgia, Bulgaria, Croa\u021bia, Grecia, Irlanda, Islanda, Norvegia, Portugalia, Suedia, Slovenia, Republica Ceh\u0103 \u0219i Canada. Pre\u0219edintele interimar al Rom\u00e2niei, Ilie Bolojan, a participat la reuniune, fizic, \u00een contextul \u00een care a avut \u0219i convorbiri bilaterale cu pre\u0219edintele Fran\u021bei, Emmanuel Macron.La 24 februarie, pre\u0219edintele Fran\u021bei, Emmanuel Macron, a avut o \u00eent\u00e2lnire cu omologul american, Donald Trump, \u00een Biroul Oval al Casei Albe, \u00een timpul unei videoconferin\u021be G7, la care restul liderilor din Marea Britanie, Canada, Japonia, Germania, Italia au participat virtual. Macron a apreciat \u00eent\u00e2lnirea drept una &#8216;foarte bun\u0103&#8217; \u0219i &#8216;foarte prietenoas\u0103&#8217;, \u00eentr-un moment de tensiune \u00een leg\u0103tur\u0103 cu decizia Washingtonului de a negocia direct cu Moscova, &#8216;peste capul europenilor \u0219i al Kievului&#8217;, pentru a pune cap\u0103t r\u0103zboiului din Ucraina, conform EFE \u0219i AFP. Pre\u0219edintele francez a pledat cauza Uniunii Europene \u00een fa\u021ba anun\u021bului de impunere a unor noi taxe vamale de c\u0103tre omologul s\u0103u, Donald Trump, \u0219i la final \u0219i-a exprimat speran\u021ba c\u0103 a reu\u0219it s\u0103-l conving\u0103, a relatat AFP.La r\u00e2ndul s\u0103u, premierul britanic, Keir Starmer, s-a \u00eent\u00e2lnit, la 27 februarie, cu pre\u0219edintele american, Donald Trump, la Casa Alb\u0103, pentru primele discu\u021bii \u00een persoan\u0103 de c\u00e2nd liderul republican a anun\u021bat inten\u021biile de schimbare a politicii SUA cu privire la Ucraina, Orientul Mijlociu \u0219i comer\u021bul global, a relatat Reuters. Starmer a cerut Statelor Unite, s\u0103 ofere o &#8216;plas\u0103 de protec\u021bie&#8217; de securitate pentru orice for\u021b\u0103 european\u0103 care ia parte \u00eentr-un poten\u021bial rol de men\u021binere a p\u0103cii \u00een Ucraina, spun\u00e2nd c\u0103 aceasta ar oferi Kievului o pace durabil\u0103, mai degrab\u0103 dec\u00e2t o pauz\u0103 temporar\u0103 a violen\u021bei. El a semnalat c\u0103 Marea Britanie va cre\u0219te cheltuielile pentru ap\u0103rare \u0219i este de a\u0219teptat s\u0103 \u00eencerce s\u0103-l asigure pe pre\u0219edintele SUA c\u0103 Europa va oferi Kievului sprijin \u0219i garan\u021bii de securitate dac\u0103 discu\u021biile de pace cu Rusia vor avea succes. Un \u00eenalt oficial al administra\u021biei Trump a declarat reporterilor c\u0103 administra\u021bia american\u0103 este mul\u021bumit\u0103 de angajamentele lui Starmer de a cre\u0219te cheltuielile pentru ap\u0103rare. Starmer a mai spus, \u00een context, c\u0103 este deschis ca trupele britanice s\u0103 ofere garan\u021bii de securitate Ucrainei, dar numai al\u0103turi de alte na\u021biuni europene \u0219i \u00een &#8216;condi\u021biile potrivite&#8217;.<a title=\"Pasi catre NATO 2.0. Franta cere 'o autonomie totala' europeana in domeniul apararii\" href=\"https:\/\/www.realitatea.net\/stiri\/actual\/pasi-catre-nato-20-franta-cere-o-autonomie-totala-europeana-in-domeniul-apararii_67c401bd2b613461e1404302\">Pa\u0219i c\u0103tre NATO 2.0. Fran\u021ba cere &#8216;o autonomie total\u0103&#8217; european\u0103 \u00een domeniul ap\u0103r\u0103rii<\/a>\u00a0<\/p>","protected":false},"excerpt":{"rendered":"<p>Ziua de 2 martie va \u00eencepe la Londra cu o reuniune a premierului britanic cu&hellip;<\/p>\n","protected":false},"author":0,"featured_media":36034,"comment_status":"open","ping_status":"open","sticky":false,"template":"","format":"standard","meta":{"footnotes":""},"categories":[2],"tags":[],"class_list":["post-36038","post","type-post","status-publish","format-standard","has-post-thumbnail","hentry","category-actual"],"_links":{"self":[{"href":"https:\/\/247stiri.ro\/index.php\/wp-json\/wp\/v2\/posts\/36038","targetHints":{"allow":["GET"]}}],"collection":[{"href":"https:\/\/247stiri.ro\/index.php\/wp-json\/wp\/v2\/posts"}],"about":[{"href":"https:\/\/247stiri.ro\/index.php\/wp-json\/wp\/v2\/types\/post"}],"replies":[{"embeddable":true,"href":"https:\/\/247stiri.ro\/index.php\/wp-json\/wp\/v2\/comments?post=36038"}],"version-history":[{"count":0,"href":"https:\/\/247stiri.ro\/index.php\/wp-json\/wp\/v2\/posts\/36038\/revisions"}],"wp:featuredmedia":[{"embeddable":true,"href":"https:\/\/247stiri.ro\/index.php\/wp-json\/wp\/v2\/media\/36034"}],"wp:attachment":[{"href":"https:\/\/247stiri.ro\/index.php\/wp-json\/wp\/v2\/media?parent=36038"}],"wp:term":[{"taxonomy":"category","embeddable":true,"href":"https:\/\/247stiri.ro\/index.php\/wp-json\/wp\/v2\/categories?post=36038"},{"taxonomy":"post_tag","embeddable":true,"href":"https:\/\/247stiri.ro\/index.php\/wp-json\/wp\/v2\/tags?post=36038"}],"curies":[{"name":"wp","href":"https:\/\/api.w.org\/{rel}","templated":true}]}}