{"id":36059,"date":"2025-03-02T12:45:07","date_gmt":"2025-03-02T12:45:07","guid":{"rendered":"https:\/\/247stiri.ro\/index.php\/2025\/03\/02\/cand-se-trece-la-ora-de-vara-in-2025-ne-apropiem-cu-pasi-repezi-de-data-la-care-vom-da-ceasurile-cu-o-ora-inainte\/"},"modified":"2025-03-02T12:45:07","modified_gmt":"2025-03-02T12:45:07","slug":"cand-se-trece-la-ora-de-vara-in-2025-ne-apropiem-cu-pasi-repezi-de-data-la-care-vom-da-ceasurile-cu-o-ora-inainte","status":"publish","type":"post","link":"https:\/\/247stiri.ro\/index.php\/2025\/03\/02\/cand-se-trece-la-ora-de-vara-in-2025-ne-apropiem-cu-pasi-repezi-de-data-la-care-vom-da-ceasurile-cu-o-ora-inainte\/","title":{"rendered":"C\u00e2nd se trece la ora de var\u0103 \u00een 2025. Ne apropiem cu pa\u0219i repezi de data la care vom da ceasurile cu o or\u0103 \u00eenainte"},"content":{"rendered":"<p>\u00cen noaptea dintre 29 \u0219i 30 martie, ora 3:00 devine ora 4:00. Astfel, la adoptarea orei de var\u0103, vom dormi cu o or\u0103 \u00een minus. Ziua de 30 martie 2025 va avea doar 23 de ore.<\/p>\n<p>\u00cen ultimii ani au fost o serie de discu\u021bii cu privire la renun\u021barea schimb\u0103rii orei at\u00e2t \u00een Rom\u00e2nia, c\u00e2t \u0219i \u00een restul Europei.<\/p>\n<p>\u00cen anul 2019, Parlamentul European a sus\u021binut \u0219i a votat propunerea privind renun\u021barea la schimbarea orei de var\u0103, respectiv de iarn\u0103, \u00eens\u0103 implementarea acestei decizii a fost am\u00e2nat\u0103. Nu a fost anun\u021bat\u0103 p\u00e2n\u0103 acum o informa\u021bie oficial\u0103 cu privire la eliminarea m\u0103surii.<\/p>\n<p>Speciali\u0219tii atrag aten\u021bia c\u0103 trecerea la ora de var\u0103 poate influen\u021ba ritmul biologic \u0219i poate cauza oboseal\u0103, \u00eentruc\u00e2t pierdem o or\u0103 de somn. Pentru a reduce acest impact, se recomand\u0103 ajustarea treptat\u0103 a programului de somn cu c\u00e2teva zile \u00eenainte, culc\u00e2ndu-ne cu 10-15 minute mai devreme \u00een fiecare sear\u0103.<\/p>\n<p>Ce trebuie f\u0103cut?<\/p>\n<p>Pentru a evita confuziile, este indicat ca ceasurile care nu se ajusteaz\u0103 automat s\u0103 fie schimbate \u00een seara dinaintea trecerii la ora de var\u0103, astfel \u00eenc\u00e2t dispozitivele s\u0103 fie sincronizate corect \u0219i s\u0103 nu existe probleme cauzate de diferen\u021bele de timp.<\/p>\n<p><a title=\"Unicul LOC din lume in care nu exista notiunea de timp. Locuitorii au renuntat la ceas\" href=\"https:\/\/www.realitatea.net\/stiri\/extern\/unicul-loc-din-lume-unde-nu-exista-notiunea-de-timp-locuitorii-au-renuntat-la-ceas_676bc88440f2546fb144264e\">Unicul LOC din lume \u00een care nu exist\u0103 no\u021biunea de timp. Locuitorii au renun\u021bat la ceas<\/a><\/p>\n<p>Rom\u00e2nia \u00ee\u0219i sincronizeaz\u0103 ora de var\u0103 cu orarul de var\u0103 practicat \u00een statele Uniunii Europene (UE).<\/p>\n<p>Ora oficial\u0103 de var\u0103, cunoscut\u0103 \u0219i sub numele de ora Europei Orientale, a fost introdus\u0103 pentru prima dat\u0103 \u00een Rom\u00e2nia \u00een anul 1932. P\u00e2n\u0103 \u00een 1939, aceasta a fost aplicat\u0103 anual, \u00eencep\u00e2nd cu prima duminic\u0103 din aprilie, ora 00:00, \u0219i p\u00e2n\u0103 \u00een prima duminic\u0103 din octombrie, ora 01:00 (ore locale).<\/p>\n<p>\u00cens\u0103, \u00een perioada 1941-1979, ora de var\u0103 nu a mai fost utilizat\u0103, conform informa\u021biilor furnizate de astro-urseanu.ro.<\/p>\n<p>\u00cen 1979, Rom\u00e2nia a aderat la Conven\u021bia fusurilor orare, iar \u00een 1997, prin Ordonan\u021ba nr. 20 privind stabilirea orarului de var\u0103 \u0219i a orei oficiale de var\u0103, s-a reglementat aplicarea acestui sistem.<\/p>\n<p>Potrivit acestei ordonan\u021be, ora oficial\u0103 de var\u0103 este cu o or\u0103 \u00eenainte fa\u021b\u0103 de ora Europei Orientale \u0219i se aplic\u0103 din ultima duminic\u0103 a lunii martie, ora 3.00, c\u00e2nd ceasurile se dau \u00eenainte la ora 4.00, p\u00e2n\u0103 \u00een ultima duminic\u0103 a lunii octombrie, ora 4.00, c\u00e2nd se revine la ora 3.00.<\/p>\n<p><a title=\"Ceasul Apocalipsei arata ca omenirea mai are de trait 89 de secunde\" href=\"https:\/\/www.realitatea.net\/stiri\/stiinta-si-tehnologie\/ceasul-apocalipsei-arata-ca-omenirea-mai-are-de-trait-89-de-secunde_67ab71c22445501d00517992\">Ceasul Apocalipsei arat\u0103 c\u0103 omenirea mai are de tr\u0103it 89 de secunde<\/a><\/p>","protected":false},"excerpt":{"rendered":"<p>\u00cen noaptea dintre 29 \u0219i 30 martie, ora 3:00 devine ora 4:00. Astfel, la adoptarea&hellip;<\/p>\n","protected":false},"author":0,"featured_media":36054,"comment_status":"open","ping_status":"open","sticky":false,"template":"","format":"standard","meta":{"footnotes":""},"categories":[2],"tags":[],"class_list":["post-36059","post","type-post","status-publish","format-standard","has-post-thumbnail","hentry","category-actual"],"_links":{"self":[{"href":"https:\/\/247stiri.ro\/index.php\/wp-json\/wp\/v2\/posts\/36059","targetHints":{"allow":["GET"]}}],"collection":[{"href":"https:\/\/247stiri.ro\/index.php\/wp-json\/wp\/v2\/posts"}],"about":[{"href":"https:\/\/247stiri.ro\/index.php\/wp-json\/wp\/v2\/types\/post"}],"replies":[{"embeddable":true,"href":"https:\/\/247stiri.ro\/index.php\/wp-json\/wp\/v2\/comments?post=36059"}],"version-history":[{"count":0,"href":"https:\/\/247stiri.ro\/index.php\/wp-json\/wp\/v2\/posts\/36059\/revisions"}],"wp:featuredmedia":[{"embeddable":true,"href":"https:\/\/247stiri.ro\/index.php\/wp-json\/wp\/v2\/media\/36054"}],"wp:attachment":[{"href":"https:\/\/247stiri.ro\/index.php\/wp-json\/wp\/v2\/media?parent=36059"}],"wp:term":[{"taxonomy":"category","embeddable":true,"href":"https:\/\/247stiri.ro\/index.php\/wp-json\/wp\/v2\/categories?post=36059"},{"taxonomy":"post_tag","embeddable":true,"href":"https:\/\/247stiri.ro\/index.php\/wp-json\/wp\/v2\/tags?post=36059"}],"curies":[{"name":"wp","href":"https:\/\/api.w.org\/{rel}","templated":true}]}}