{"id":36060,"date":"2025-03-02T12:45:07","date_gmt":"2025-03-02T12:45:07","guid":{"rendered":"https:\/\/247stiri.ro\/index.php\/2025\/03\/02\/von-der-leyen-vrea-cresterea-cheltuielilor-pentru-aparare-calea-catre-pace-este-forta-slabiciunea-genereaza-mai-mult-razboi\/"},"modified":"2025-03-02T12:45:07","modified_gmt":"2025-03-02T12:45:07","slug":"von-der-leyen-vrea-cresterea-cheltuielilor-pentru-aparare-calea-catre-pace-este-forta-slabiciunea-genereaza-mai-mult-razboi","status":"publish","type":"post","link":"https:\/\/247stiri.ro\/index.php\/2025\/03\/02\/von-der-leyen-vrea-cresterea-cheltuielilor-pentru-aparare-calea-catre-pace-este-forta-slabiciunea-genereaza-mai-mult-razboi\/","title":{"rendered":"Von der Leyen vrea cre\u0219terea cheltuielilor pentru ap\u0103rare. \u201dCalea c\u0103tre pace este for\u021ba. Sl\u0103biciunea genereaz\u0103 mai mult r\u0103zboi\u201d"},"content":{"rendered":"<p>&#8216;Calea c\u0103tre pace este for\u021ba. Sl\u0103biciunea genereaz\u0103 mai mult r\u0103zboi. Vom sprijini Ucraina pe m\u0103sur\u0103 ce vom \u00eentreprinde o consolidare a ap\u0103r\u0103rii europene&#8217;, a scris Von der Leyen \u00eentr-un mesaj pe re\u021beaua de socializare X.Pre\u0219edinta executivului european, care va sosi la Londra din India, \u021bar\u0103 cu care Bruxellesul a c\u0103utat s\u0103-\u0219i aprofundeze leg\u0103turile \u00een noua ordine mondial\u0103 conceput\u0103 de pre\u0219edintele american Donald Trump, a exprimat &#8216;sprijinul continuu al Europei pentru Ucraina, care poate duce la o pace corect\u0103 \u0219i durabil\u0103&#8217;.Von der Leyen urmeaz\u0103 s\u0103 prezinte noi formule de finan\u021bare pentru a cre\u0219te cheltuielile pentru ap\u0103rare la \u00eenceputul acestei s\u0103pt\u0103m\u00e2ni, chiar \u00eenainte ca liderii europeni s\u0103 se \u00eent\u00e2lneasc\u0103 la Bruxelles pentru un summit extraordinar pentru a discuta cum s\u0103 rec\u00e2\u0219tige un loc la masa de negocieri privind Ucraina, din care au fost exclu\u0219i de Trump \u0219i de pre\u0219edintele rus Vladimir Putin.\u00cen a\u0219teptarea scrisorii lui Von der Leyen, pe care aceasta ar putea-o prezenta mar\u021bi, potrivit unei surse europene, politiciana german\u0103 a indicat deja o mai mare flexibilitate privind regulile de control al deficitului, astfel \u00eenc\u00e2t \u021b\u0103rile UE s\u0103 poat\u0103 cre\u0219te cheltuielile pentru ap\u0103rare.<\/p>\n<p><a title=\"Zi de foc pentru viitorul Europei. Summit la Londra, pe tema apararii. Ilie Bolojan, la masa cu mai marii batranului continent\" href=\"https:\/\/www.realitatea.net\/stiri\/actual\/zi-de-foc-pentru-viitorul-europei-summit-la-londra-pe-tema-apararii-ilie-bolojan-la-masa-cu-mai-marii-batranului-continent_67c42c499eacbc514d1b4d72\">Zi de foc pentru viitorul Europei. Summit la Londra, pe tema ap\u0103r\u0103rii. Ilie Bolojan, la mas\u0103 cu mai marii b\u0103tr\u00e2nului continent<\/a>Cei 27 iau \u00een considerare, de asemenea, o mai mare flexibilitate \u00een utilizarea fondurilor structurale sau adaptarea mandatului B\u0103ncii Europene de Investi\u021bii pentru a facilita \u00eemprumuturile acesteia c\u0103tre industria de ap\u0103rare, scrie Agerpres.Dup\u0103 \u00eent\u00e2lnirea de duminic\u0103 de la Londra, la care vor participa 15 \u021b\u0103ri, de\u0219i nu vor fi prezente toate \u021b\u0103rile UE, Cei 27 vor \u00eencerca joi s\u0103 ajung\u0103 la un consens privind sprijinul pentru Ucraina \u0219i o contribu\u021bie mai mare la ap\u0103rarea european\u0103.Totu\u0219i, prim-ministrul slovac Robert Fico \u0219i-a exprimat s\u00e2mb\u0103t\u0103 rezervele fa\u021b\u0103 de strategia nerealist\u0103 de &#8216;pace prin for\u021b\u0103&#8217; \u0219i \u0219i-a condi\u021bionat aprobarea de faptul ca UE s\u0103 garanteze \u021b\u0103rii sale alimentarea cu gaze naturale via Ucraina.Ungaria, condus\u0103 de premierul Viktor Orban, \u0219i-a exprimat \u0219i ea rezerve fa\u021b\u0103 de proiectul de concluzii ale summitului de joi, care se negociaz\u0103 \u00een prezent la Bruxelles, potrivit surselor europene.<\/p>\n<p><a title=\"Pasi catre NATO 2.0. Franta cere 'o autonomie totala' europeana in domeniul apararii\" href=\"https:\/\/www.realitatea.net\/stiri\/actual\/pasi-catre-nato-20-franta-cere-o-autonomie-totala-europeana-in-domeniul-apararii_67c401bd2b613461e1404302\">Pa\u0219i c\u0103tre NATO 2.0. Fran\u021ba cere &#8216;o autonomie total\u0103&#8217; european\u0103 \u00een domeniul ap\u0103r\u0103rii<\/a><\/p>","protected":false},"excerpt":{"rendered":"<p>&#8216;Calea c\u0103tre pace este for\u021ba. Sl\u0103biciunea genereaz\u0103 mai mult r\u0103zboi. Vom sprijini Ucraina pe m\u0103sur\u0103&hellip;<\/p>\n","protected":false},"author":0,"featured_media":36056,"comment_status":"open","ping_status":"open","sticky":false,"template":"","format":"standard","meta":{"footnotes":""},"categories":[2],"tags":[],"class_list":["post-36060","post","type-post","status-publish","format-standard","has-post-thumbnail","hentry","category-actual"],"_links":{"self":[{"href":"https:\/\/247stiri.ro\/index.php\/wp-json\/wp\/v2\/posts\/36060","targetHints":{"allow":["GET"]}}],"collection":[{"href":"https:\/\/247stiri.ro\/index.php\/wp-json\/wp\/v2\/posts"}],"about":[{"href":"https:\/\/247stiri.ro\/index.php\/wp-json\/wp\/v2\/types\/post"}],"replies":[{"embeddable":true,"href":"https:\/\/247stiri.ro\/index.php\/wp-json\/wp\/v2\/comments?post=36060"}],"version-history":[{"count":0,"href":"https:\/\/247stiri.ro\/index.php\/wp-json\/wp\/v2\/posts\/36060\/revisions"}],"wp:featuredmedia":[{"embeddable":true,"href":"https:\/\/247stiri.ro\/index.php\/wp-json\/wp\/v2\/media\/36056"}],"wp:attachment":[{"href":"https:\/\/247stiri.ro\/index.php\/wp-json\/wp\/v2\/media?parent=36060"}],"wp:term":[{"taxonomy":"category","embeddable":true,"href":"https:\/\/247stiri.ro\/index.php\/wp-json\/wp\/v2\/categories?post=36060"},{"taxonomy":"post_tag","embeddable":true,"href":"https:\/\/247stiri.ro\/index.php\/wp-json\/wp\/v2\/tags?post=36060"}],"curies":[{"name":"wp","href":"https:\/\/api.w.org\/{rel}","templated":true}]}}