{"id":36068,"date":"2025-03-02T13:45:00","date_gmt":"2025-03-02T13:45:00","guid":{"rendered":"https:\/\/247stiri.ro\/index.php\/2025\/03\/02\/semnal-de-alarma-de-la-un-europarlamentar-romania-trebuie-sa-fie-pregatita-pentru-orice-scenariu\/"},"modified":"2025-03-02T13:45:00","modified_gmt":"2025-03-02T13:45:00","slug":"semnal-de-alarma-de-la-un-europarlamentar-romania-trebuie-sa-fie-pregatita-pentru-orice-scenariu","status":"publish","type":"post","link":"https:\/\/247stiri.ro\/index.php\/2025\/03\/02\/semnal-de-alarma-de-la-un-europarlamentar-romania-trebuie-sa-fie-pregatita-pentru-orice-scenariu\/","title":{"rendered":"Semnal de alarm\u0103 de la un europarlamentar: Rom\u00e2nia trebuie s\u0103 fie preg\u0103tit\u0103 pentru orice scenariu"},"content":{"rendered":"<p>&#8216;Reuniunile din urm\u0103toarele zile sunt esen\u021biale pentru stabilitatea continentului nostru. Toate discu\u021biile pe care le-am avut cu partenerii americani la Washington \u0219i cu liderii europeni din diferite capitale arat\u0103 c\u0103 planul de pace negociat acum va influen\u021ba decisiv dac\u0103 \u0219i cum ne putem proteja de cei care amenin\u021b\u0103 suveranitatea na\u021biunilor noastre. Rom\u00e2nia este direct interesat\u0103 de aceste decizii &#8211; avem nevoie de o solu\u021bie care s\u0103 garanteze pacea, securitatea, suveranitatea \u0219i viitorul nostru european&#8217;, a declarat Negrescu \u00eentr-un comunicat remis duminic\u0103 presei.Potrivit acestuia, \u00een cadrul reuniunilor interna\u021bionale se vor discuta aspecte esen\u021biale precum: calea c\u0103tre pace, garan\u021biile de securitate, gradul de implicare al statelor europene, reconstruc\u021bie, cine va gestiona negocierile de pace, solu\u021biile pe termen lung, securitatea energetic\u0103 dar \u0219i consolidarea alian\u021belor strategice.&#8217;Avem nevoie de o strategie clar\u0103 pentru a preveni conflicte viitoare \u0219i pentru a sus\u021bine un acord echitabil \u0219i durabil, care s\u0103 asigure stabilitatea regiunii. Un acord SUA-Europa privind planul de pace este necesar&#8217;, afirm\u0103 europarlamentarul.\u00cen opinia sa, orice plan trebuie s\u0103 includ\u0103 m\u0103suri ferme pentru protec\u021bia frontierelor \u0219i ap\u0103rarea suveranit\u0103\u021bii, inclusiv privind componenta de securitate cibernetic\u0103 \u0219i ingerin\u021be str\u0103ine, iar Rom\u00e2nia, aflat\u0103 la grani\u021ba conflictului, trebuie s\u0103 fie parte activ\u0103 \u00een aceste decizii.Totodat\u0103, spune Negrescu, garan\u021biile trebuie s\u0103 includ\u0103 \u0219i Republica Moldova.<\/p>\n<p><a title=\" Elon Musk toarna gaz pe focul politicii internationale si sustine retragerea SUA din NATO si ONU\" href=\"https:\/\/www.realitatea.net\/stiri\/actual\/elon-musk-toarna-gaz-pe-focul-politicii-internationale-si-sustine-retragerea-sua-din-nato-si-onu_67c42fa42083b028fc2b87f2\">Elon Musk toarn\u0103 gaz pe focul politicii interna\u021bionale \u0219i sus\u021bine retragerea SUA din NATO \u0219i ONU<\/a>&#8216;Uniunea European\u0103 trebuie s\u0103 ac\u021bioneze unitar pentru pace \u00een cadrul unui mandat interna\u021bional care previne orice escaladare a conflictului. Rom\u00e2nia trebuie s\u0103 se asigure c\u0103 sprijinul este echitabil \u0219i c\u0103 interesele noastre sunt protejate. (&#8230;) Un proces vital nu doar pentru regiunile afectate, ci \u0219i pentru economia Rom\u00e2niei. Oportunit\u0103\u021bile de investi\u021bii \u0219i parteneriate pentru companiile rom\u00e2ne\u0219ti vor influen\u021ba dezvoltarea noastr\u0103 viitoare. Reconstruc\u021bia trebuie finan\u021bat\u0103 inclusiv din activele ruse\u0219ti. (&#8230;) Rom\u00e2nia trebuie s\u0103 fie prezent\u0103 la masa deciziilor, nu doar s\u0103 ia act de solu\u021biile impuse. Liderii europeni urmeaz\u0103, cel mai probabil, s\u0103 desemneze un negociator-\u0219ef. (&#8230;) Nu este vorba doar de \u00eencetarea unui conflict, ci de construirea unui sistem care s\u0103 previn\u0103 agresiunile viitoare. Rom\u00e2nia are nevoie de siguran\u021b\u0103 \u0219i predictibilitate&#8217;, mai arat\u0103 Victor Negrescu.El consider\u0103 c\u0103 Rom\u00e2nia \u0219i Europa trebuie s\u0103 \u00ee\u0219i reduc\u0103 dependen\u021ba de resursele energetice ale altor state, iar accelerarea investi\u021biilor \u00een infrastructur\u0103 \u0219i resurse proprii sunt esen\u021biale.&#8217;Rela\u021biile transatlantice \u0219i cooperarea la nivel NATO trebuie consolidate. Totodat\u0103, Europa trebuie s\u0103 \u00ee\u0219i extind\u0103 cooperarea strategic\u0103 \u0219i economic\u0103 cu toate statele care \u00eemp\u0103rt\u0103\u0219esc valorile democra\u021biei \u0219i securit\u0103\u021bii comune&#8217;, mai spune europarlamentarul PSD.<\/p>\n<p>El afirm\u0103 c\u0103 s\u0103pt\u0103m\u00e2na viitoare va participa, \u00een calitate de vicepre\u0219edinte al social-democra\u021bilor europeni (PES), la o reuniune la nivel \u00eenalt cu pre\u0219edintele Consiliului European \u0219i \u0219efii de stat \u0219i de guverne social-democra\u021bi.&#8217;Viitorul nu se c\u00e2\u0219tig\u0103 prin a\u0219teptare, ci prin ac\u021biune hot\u0103r\u00e2t\u0103. Rom\u00e2nia trebuie s\u0103 fie un actor activ, puternic \u0219i respectat \u00een aceste negocieri&#8217;, a conchis europarlamentarul social-democrat.<\/p>\n<p><a title=\"Pasi catre NATO 2.0. Franta cere 'o autonomie totala' europeana in domeniul apararii\" href=\"https:\/\/www.realitatea.net\/stiri\/actual\/pasi-catre-nato-20-franta-cere-o-autonomie-totala-europeana-in-domeniul-apararii_67c401bd2b613461e1404302\">Pa\u0219i c\u0103tre NATO 2.0. Fran\u021ba cere &#8216;o autonomie total\u0103&#8217; european\u0103 \u00een domeniul ap\u0103r\u0103rii<\/a><\/p>","protected":false},"excerpt":{"rendered":"<p>&#8216;Reuniunile din urm\u0103toarele zile sunt esen\u021biale pentru stabilitatea continentului nostru. Toate discu\u021biile pe care le-am&hellip;<\/p>\n","protected":false},"author":0,"featured_media":36063,"comment_status":"open","ping_status":"open","sticky":false,"template":"","format":"standard","meta":{"footnotes":""},"categories":[2],"tags":[],"class_list":["post-36068","post","type-post","status-publish","format-standard","has-post-thumbnail","hentry","category-actual"],"_links":{"self":[{"href":"https:\/\/247stiri.ro\/index.php\/wp-json\/wp\/v2\/posts\/36068","targetHints":{"allow":["GET"]}}],"collection":[{"href":"https:\/\/247stiri.ro\/index.php\/wp-json\/wp\/v2\/posts"}],"about":[{"href":"https:\/\/247stiri.ro\/index.php\/wp-json\/wp\/v2\/types\/post"}],"replies":[{"embeddable":true,"href":"https:\/\/247stiri.ro\/index.php\/wp-json\/wp\/v2\/comments?post=36068"}],"version-history":[{"count":0,"href":"https:\/\/247stiri.ro\/index.php\/wp-json\/wp\/v2\/posts\/36068\/revisions"}],"wp:featuredmedia":[{"embeddable":true,"href":"https:\/\/247stiri.ro\/index.php\/wp-json\/wp\/v2\/media\/36063"}],"wp:attachment":[{"href":"https:\/\/247stiri.ro\/index.php\/wp-json\/wp\/v2\/media?parent=36068"}],"wp:term":[{"taxonomy":"category","embeddable":true,"href":"https:\/\/247stiri.ro\/index.php\/wp-json\/wp\/v2\/categories?post=36068"},{"taxonomy":"post_tag","embeddable":true,"href":"https:\/\/247stiri.ro\/index.php\/wp-json\/wp\/v2\/tags?post=36068"}],"curies":[{"name":"wp","href":"https:\/\/api.w.org\/{rel}","templated":true}]}}