{"id":36074,"date":"2025-03-02T14:46:13","date_gmt":"2025-03-02T14:46:13","guid":{"rendered":"https:\/\/247stiri.ro\/index.php\/2025\/03\/02\/calin-georgescu-despre-episodul-ridicarii-sale-din-trafic-legea-este-cea-dictata-dintr-un-birou\/"},"modified":"2025-03-02T14:46:13","modified_gmt":"2025-03-02T14:46:13","slug":"calin-georgescu-despre-episodul-ridicarii-sale-din-trafic-legea-este-cea-dictata-dintr-un-birou","status":"publish","type":"post","link":"https:\/\/247stiri.ro\/index.php\/2025\/03\/02\/calin-georgescu-despre-episodul-ridicarii-sale-din-trafic-legea-este-cea-dictata-dintr-un-birou\/","title":{"rendered":"C\u0103lin Georgescu, despre episodul ridic\u0103rii sale din trafic: Legea este cea dictat\u0103 dintr-un birou"},"content":{"rendered":"<p>Nu constientizam cat de adanc e statul paralel. El s-a crucificat singur \u0219i face asta \u00een fiecare zi. Asta pentru noi este un avantaj uria\u0219, este un suport divin, pentru c\u0103 nu puteai face acest lucru. Dac\u0103 pe 8 decembrie, cred c\u0103 aveam probleme serioase ne\u0219tiind ceea ce \u0219tiu ast\u0103zi, neav\u00e2nd aceast\u0103 echip\u0103 mult mai consistent\u0103 \u0219i pe cei din spatele lor.\u00a0<\/p>\n<p>Acum c\u00e2teva zile am tr\u0103it acel episod cu ridicarea mea din trafic. Legea este cea dictat\u0103 dintr-un birou, aia este legea, nu mai este altceva. Poli\u021bia aceasta politic\u0103 a tr\u0103it-o Trump&#8230;. Vedem \u0219i dovada cert\u0103 a faptului c\u0103 roata se \u00eenv\u00e2rte \u0219i nu merge de-a s\u0103niu\u0219ul cum se credea, le spun tuturor, eu am mai spus asta, oferta mea de pace nu mai e valabil\u0103, justi\u021bia va fi valabil\u0103, cea adev\u0103rat\u0103. Ulciorul nu mai merge la ap\u0103, \u0219ti\u021bi de ce? S-a \u0219i spart \u0219i nu mai are nici ap\u0103, nu se mai poate&#8221;, a declarat Georgescu, s\u00e2mb\u0103t\u0103 seara, la Culisele Statului Parlel de la Realitatea PLUS.\u00a0<\/p>","protected":false},"excerpt":{"rendered":"<p>Nu constientizam cat de adanc e statul paralel. El s-a crucificat singur \u0219i face asta&hellip;<\/p>\n","protected":false},"author":0,"featured_media":36075,"comment_status":"open","ping_status":"open","sticky":false,"template":"","format":"standard","meta":{"footnotes":""},"categories":[3],"tags":[],"class_list":["post-36074","post","type-post","status-publish","format-standard","has-post-thumbnail","hentry","category-politica"],"_links":{"self":[{"href":"https:\/\/247stiri.ro\/index.php\/wp-json\/wp\/v2\/posts\/36074","targetHints":{"allow":["GET"]}}],"collection":[{"href":"https:\/\/247stiri.ro\/index.php\/wp-json\/wp\/v2\/posts"}],"about":[{"href":"https:\/\/247stiri.ro\/index.php\/wp-json\/wp\/v2\/types\/post"}],"replies":[{"embeddable":true,"href":"https:\/\/247stiri.ro\/index.php\/wp-json\/wp\/v2\/comments?post=36074"}],"version-history":[{"count":0,"href":"https:\/\/247stiri.ro\/index.php\/wp-json\/wp\/v2\/posts\/36074\/revisions"}],"wp:featuredmedia":[{"embeddable":true,"href":"https:\/\/247stiri.ro\/index.php\/wp-json\/wp\/v2\/media\/36075"}],"wp:attachment":[{"href":"https:\/\/247stiri.ro\/index.php\/wp-json\/wp\/v2\/media?parent=36074"}],"wp:term":[{"taxonomy":"category","embeddable":true,"href":"https:\/\/247stiri.ro\/index.php\/wp-json\/wp\/v2\/categories?post=36074"},{"taxonomy":"post_tag","embeddable":true,"href":"https:\/\/247stiri.ro\/index.php\/wp-json\/wp\/v2\/tags?post=36074"}],"curies":[{"name":"wp","href":"https:\/\/api.w.org\/{rel}","templated":true}]}}