{"id":36076,"date":"2025-03-02T14:46:14","date_gmt":"2025-03-02T14:46:14","guid":{"rendered":"https:\/\/247stiri.ro\/index.php\/2025\/03\/02\/zi-de-foc-luni-in-justitie-contestatia-depusa-de-avocatii-lui-calin-georgescu-la-masura-controlului-judiciar-judecata-de-magistrati\/"},"modified":"2025-03-02T14:46:14","modified_gmt":"2025-03-02T14:46:14","slug":"zi-de-foc-luni-in-justitie-contestatia-depusa-de-avocatii-lui-calin-georgescu-la-masura-controlului-judiciar-judecata-de-magistrati","status":"publish","type":"post","link":"https:\/\/247stiri.ro\/index.php\/2025\/03\/02\/zi-de-foc-luni-in-justitie-contestatia-depusa-de-avocatii-lui-calin-georgescu-la-masura-controlului-judiciar-judecata-de-magistrati\/","title":{"rendered":"Zi de foc, luni, \u00een Justi\u021bie. CONTESTA\u021aIA depus\u0103 de avoca\u021bii lui C\u0103lin Georgescu la m\u0103sura controlului judiciar, judecat\u0103 de magistra\u021bi"},"content":{"rendered":"<p>M\u00e2ine, magistra\u021bii de la Judec\u0103toria Sectorului 1 urmeaz\u0103 s\u0103 analizeze contesta\u021bia depus\u0103 de avoca\u021bii lui C\u0103lin Georgescu la m\u0103sura controlului judiciar.<\/p>\n<p>M\u0103sura a fost luat\u0103 \u00eenc\u0103 de miercuri de Parchetul General. \u00cen func\u021bie de ce probe vor ajunge pe masa magistra\u021bilor vom vedea \u0219i o decizie \u00een acest caz. Fie C\u0103lin Georgescu va fi cercetat \u00een stare de luibertate, fie dac\u0103 magistra\u021bii vor respinge aceast\u0103 contesta\u021bie, C\u0103lin Georgescu va avea \u00een continuare restric\u021bii timp de 60 de zile.\u00a0<\/p>\n<p>Pe de alt\u0103 parte, Parchetul general blocheaz\u0103 accesul avoca\u021bilor \u00een dosarele care au fost deschise pe numele lui C\u0103lin Georgescu. Chiar dac \u0103 ace\u0219tia spun c\u0103 au depus mai multe solicit\u0103ri \u00eenc\u0103 de miercuri &#8211; din momentul inclup\u0103rii &#8211; \u00een continuare spun c\u0103 nu au primit informa\u021bii \u00een acest caz.\u00a0<\/p>\n<p>Mai mult dec\u00e2t at\u00e2t, procurorul general care se ocup\u0103 de acest caz a fost dat pe m\u00e2na Inspec\u021biei Judiciare, dup\u0103 ce &#8211; miercuri &#8211; C\u0103lin Georgescu a fost ridicat din trafic \u0219i dus la Parchet pentru audieri. Aceste pl\u00e2ngeri au fost f\u0103cute pe numele lui pentru a vedea dac\u0103 este vorba sau nu despre o abatere disciplinar\u0103.\u00a0<\/p>","protected":false},"excerpt":{"rendered":"<p>M\u00e2ine, magistra\u021bii de la Judec\u0103toria Sectorului 1 urmeaz\u0103 s\u0103 analizeze contesta\u021bia depus\u0103 de avoca\u021bii lui&hellip;<\/p>\n","protected":false},"author":0,"featured_media":36073,"comment_status":"open","ping_status":"open","sticky":false,"template":"","format":"standard","meta":{"footnotes":""},"categories":[2],"tags":[],"class_list":["post-36076","post","type-post","status-publish","format-standard","has-post-thumbnail","hentry","category-actual"],"_links":{"self":[{"href":"https:\/\/247stiri.ro\/index.php\/wp-json\/wp\/v2\/posts\/36076","targetHints":{"allow":["GET"]}}],"collection":[{"href":"https:\/\/247stiri.ro\/index.php\/wp-json\/wp\/v2\/posts"}],"about":[{"href":"https:\/\/247stiri.ro\/index.php\/wp-json\/wp\/v2\/types\/post"}],"replies":[{"embeddable":true,"href":"https:\/\/247stiri.ro\/index.php\/wp-json\/wp\/v2\/comments?post=36076"}],"version-history":[{"count":0,"href":"https:\/\/247stiri.ro\/index.php\/wp-json\/wp\/v2\/posts\/36076\/revisions"}],"wp:featuredmedia":[{"embeddable":true,"href":"https:\/\/247stiri.ro\/index.php\/wp-json\/wp\/v2\/media\/36073"}],"wp:attachment":[{"href":"https:\/\/247stiri.ro\/index.php\/wp-json\/wp\/v2\/media?parent=36076"}],"wp:term":[{"taxonomy":"category","embeddable":true,"href":"https:\/\/247stiri.ro\/index.php\/wp-json\/wp\/v2\/categories?post=36076"},{"taxonomy":"post_tag","embeddable":true,"href":"https:\/\/247stiri.ro\/index.php\/wp-json\/wp\/v2\/tags?post=36076"}],"curies":[{"name":"wp","href":"https:\/\/api.w.org\/{rel}","templated":true}]}}