{"id":36077,"date":"2025-03-02T14:46:14","date_gmt":"2025-03-02T14:46:14","guid":{"rendered":"https:\/\/247stiri.ro\/index.php\/2025\/03\/02\/o-femeie-a-facut-atac-de-panica-pe-partia-din-predeal-ea-si-fiica-sa-de-8-ani-coborate-cu-snowmobilul-de-catre-jandarmi-fotovideo\/"},"modified":"2025-03-02T14:46:14","modified_gmt":"2025-03-02T14:46:14","slug":"o-femeie-a-facut-atac-de-panica-pe-partia-din-predeal-ea-si-fiica-sa-de-8-ani-coborate-cu-snowmobilul-de-catre-jandarmi-fotovideo","status":"publish","type":"post","link":"https:\/\/247stiri.ro\/index.php\/2025\/03\/02\/o-femeie-a-facut-atac-de-panica-pe-partia-din-predeal-ea-si-fiica-sa-de-8-ani-coborate-cu-snowmobilul-de-catre-jandarmi-fotovideo\/","title":{"rendered":"O femeie a f\u0103cut ATAC DE PANIC\u0102 pe p\u00e2rtia din Predeal! Ea \u0219i fiica sa de 8 ani, cobor\u00e2te cu snowmobilul de c\u0103tre jandarmi &#8211; FOTO&amp;VIDEO"},"content":{"rendered":"<p>Apelul \u00een sprijinul femeii a fost primit s\u00e2mb\u0103t\u0103, de c\u0103tre jandarmii din Predeal, din partea reprezentan\u0163ilor unui centru de \u00eenchirieri echipament sportiv.\u00a0Ace\u015ftia au povestit c\u0103 o femeie \u00eenso\u0163it\u0103 de fiica ei de 8 ani au \u00eenchiriat echipament de schi \u015fi au urcat cu telescaunul cu inten\u0163ia de a cobor\u00ee pe P\u00e2rtia Coco\u015ful.\u00a0\u00a0\u201eAjunse \u00een v\u00e2rf cele dou\u0103 persoane au f\u0103cut atac de panic\u0103 realiz\u00e2nd c\u0103 p\u00e2rtia este mult mai abrupt\u0103 dec\u00e2t se a\u015fteptau, condi\u0163iile meteo erau de asemenea nefavorabile (v\u00e2nt puternic, ninsoare abundent\u0103 \u015fi cea\u0163\u0103 dens\u0103) \u015fi nu pot cobor\u00ee pe schiuri. Cele dou\u0103 turiste au luat leg\u0103tura cu personalul centrului de \u00eenchirieri, personal care a cerut sprijinul jandarmilor\u201d, transmit, duminic\u0103, oficialii Jandarmeriei Bra\u015fov.\u00a0\u00a0Un echipaj al Jandarmeriei a urcat cu snowmobilul p\u00e2n\u0103 la cele dou\u0103 turiste, care erau vizibil panicate, \u015fi aveau\u00a0 o u\u015foar\u0103 stare de hipotermie. Jandarmii le-au preluat \u015fi le-au cobor\u00e2t \u00een siguran\u0163\u0103 la baza p\u00e2rtiei.\u00a0Jandarmeria face apel la to\u0163i schiorii care aleg p\u00e2rtiile din jude\u0163ul Bra\u015fov, \u201es\u0103-\u015fi evalueze corect aptitudinile si cuno\u015ftin\u0163ele, s\u0103 schieze acolo unde se simt preg\u0103ti\u0163i, s\u0103 acorde o aten\u0163ie sporit\u0103 copiilor \u015fi siguran\u0163ei acestora\u201d.<\/p>","protected":false},"excerpt":{"rendered":"<p>Apelul \u00een sprijinul femeii a fost primit s\u00e2mb\u0103t\u0103, de c\u0103tre jandarmii din Predeal, din partea&hellip;<\/p>\n","protected":false},"author":0,"featured_media":36078,"comment_status":"open","ping_status":"open","sticky":false,"template":"","format":"standard","meta":{"footnotes":""},"categories":[2],"tags":[],"class_list":["post-36077","post","type-post","status-publish","format-standard","has-post-thumbnail","hentry","category-actual"],"_links":{"self":[{"href":"https:\/\/247stiri.ro\/index.php\/wp-json\/wp\/v2\/posts\/36077","targetHints":{"allow":["GET"]}}],"collection":[{"href":"https:\/\/247stiri.ro\/index.php\/wp-json\/wp\/v2\/posts"}],"about":[{"href":"https:\/\/247stiri.ro\/index.php\/wp-json\/wp\/v2\/types\/post"}],"replies":[{"embeddable":true,"href":"https:\/\/247stiri.ro\/index.php\/wp-json\/wp\/v2\/comments?post=36077"}],"version-history":[{"count":0,"href":"https:\/\/247stiri.ro\/index.php\/wp-json\/wp\/v2\/posts\/36077\/revisions"}],"wp:featuredmedia":[{"embeddable":true,"href":"https:\/\/247stiri.ro\/index.php\/wp-json\/wp\/v2\/media\/36078"}],"wp:attachment":[{"href":"https:\/\/247stiri.ro\/index.php\/wp-json\/wp\/v2\/media?parent=36077"}],"wp:term":[{"taxonomy":"category","embeddable":true,"href":"https:\/\/247stiri.ro\/index.php\/wp-json\/wp\/v2\/categories?post=36077"},{"taxonomy":"post_tag","embeddable":true,"href":"https:\/\/247stiri.ro\/index.php\/wp-json\/wp\/v2\/tags?post=36077"}],"curies":[{"name":"wp","href":"https:\/\/api.w.org\/{rel}","templated":true}]}}