{"id":3613,"date":"2024-11-01T13:18:13","date_gmt":"2024-11-01T13:18:13","guid":{"rendered":"https:\/\/247stiri.ro\/index.php\/2024\/11\/01\/alegerile-din-copilarie-creeaza-legatura-intre-deficienta-de-vitamina-d-si-riscul-bolilor-autoimune-cum-ne-construim-imunitatea\/"},"modified":"2024-11-01T13:18:13","modified_gmt":"2024-11-01T13:18:13","slug":"alegerile-din-copilarie-creeaza-legatura-intre-deficienta-de-vitamina-d-si-riscul-bolilor-autoimune-cum-ne-construim-imunitatea","status":"publish","type":"post","link":"https:\/\/247stiri.ro\/index.php\/2024\/11\/01\/alegerile-din-copilarie-creeaza-legatura-intre-deficienta-de-vitamina-d-si-riscul-bolilor-autoimune-cum-ne-construim-imunitatea\/","title":{"rendered":"Alegerile din copil\u0103rie creeaz\u0103 leg\u0103tura \u00eentre deficien\u021ba de vitamina D \u0219i riscul bolilor autoimune. Cum ne construim imunitatea"},"content":{"rendered":"<p>Ce este TIMUSUL<\/p>\n<p>Timusul, o gland\u0103 situat\u0103 \u00een spatele sternului, joac\u0103 un rol vital \u00een <a href=\"https:\/\/www.realitatea.net\/stiri\/actual\/elixirul-pe-care-dacii-il-numeau-bautura-zeilor-cum-se-prepara-imunzantul-pe-care-nu-il-gasesti-in-nicio-farmacie_671bc8861ec93c552660e2df\" target=\"_blank\" rel=\"noopener\">dezvoltarea sistemului imunitar<\/a>, \u00een special \u00een primii ani de via\u021b\u0103. Acesta ajut\u0103 celulele imune s\u0103 disting\u0103 \u00eentre \u021besuturile proprii \u0219i invadatorii externi. Studiile recente arat\u0103 c\u0103 o deficien\u021b\u0103 de vitamina D \u00een aceast\u0103 etap\u0103 crucial\u0103 poate accelera \u00eemb\u0103tr\u00e2nirea timusului, ceea ce are implica\u021bii serioase pentru s\u0103n\u0103tatea sistemului imunitar.<\/p>\n<p>Publicat \u00een revista de prestigiu Science Advances, acest studiu subliniaz\u0103 importan\u021ba timusului \u00een formarea celulelor T, care ac\u021bioneaz\u0103 ca ap\u0103r\u0103tori ai organismului \u00eempotriva infec\u021biilor \u0219i bolilor autoimune. Pe m\u0103sur\u0103 ce \u00eemb\u0103tr\u00e2nim, eficien\u021ba timusului scade, cresc\u00e2nd riscul de afec\u021biuni precum diabetul de tip 1.<\/p>\n<p>Impactul vitaminei D asupra sistemului imunitar<\/p>\n<p>\u201eUn timus \u00eemb\u0103tr\u00e2nit face ca sistemul imunitar s\u0103 devin\u0103 mai pu\u021bin eficient, permi\u021b\u00e2nd celulelor imune s\u0103 atace \u021besuturile s\u0103n\u0103toase\u201d, explic\u0103 John White, profesor \u0219i \u0219ef al Departamentului de Fiziologie de la Universitatea McGill. De\u0219i vitamina D este bine cunoscut\u0103 pentru rolul s\u0103u \u00een s\u0103n\u0103tatea oaselor, cercet\u0103rile recente subliniaz\u0103 \u0219i importan\u021ba sa \u00een reglarea sistemului imunitar.<\/p>\n<p>\u201eAceste descoperiri ofer\u0103 o nou\u0103 \u00een\u021belegere a leg\u0103turii dintre vitamina D \u0219i s\u0103n\u0103tatea imunitar\u0103, deschiz\u00e2nd calea pentru posibile strategii de prevenire a bolilor autoimune\u201d, adaug\u0103 White. Studiul, de\u0219i efectuat pe \u0219oareci, prezint\u0103 relevan\u021b\u0103 \u0219i pentru oameni, datorit\u0103 similarit\u0103\u021bilor \u00een func\u021bionarea timusului.<\/p>\n<p>Necesarul de suplimente de vitamina D<\/p>\n<p>Cercetarea eviden\u021biaz\u0103 necesitatea unui aport adecvat de vitamina D, \u00een special pentru copii. \u201e\u00cen regiunile unde expunerea la soare scade semnificativ \u00een perioada de toamn\u0103 \u0219i iarn\u0103, suplimentarea devine esen\u021bial\u0103. Dac\u0103 ave\u021bi un copil mic, este important s\u0103 discuta\u021bi cu medicul pentru a v\u0103 asigura c\u0103 prime\u0219te suficiente cantit\u0103\u021bi de vitamina D\u201d, avertizeaz\u0103 White.<\/p>\n<p><a href=\"https:\/\/www.realitatea.net\/stiri\/actual\/apa-de-stafide-elixirul-folosit-de-indieni-pentru-o-viata-lunga-si-sanatoasa-cum-se-prepara_671a8d6b8167c22f3e30d76a\" target=\"_blank\" rel=\"noopener\">Aceste descoperiri<\/a> se al\u0103tur\u0103 unui studiu din 2001 din Finlanda, care a ar\u0103tat c\u0103 minorii care au primit suplimente de vitamina D \u00een primii ani de via\u021b\u0103 au avut un risc cu p\u00e2n\u0103 la cinci ori mai mic de a dezvolta diabet de tip 1 mai t\u00e2rziu. Finlanda, cu lungile sale ierni, a oferit un cadru ideal pentru studierea rolului vitaminei D.<\/p>\n<p>\u00cen viitor, White inten\u021bioneaz\u0103 s\u0103 investigate modul \u00een care vitamina D influen\u021beaz\u0103 timusul uman, un domeniu \u00eenc\u0103 neexplorat. Aceast\u0103 cercetare ar putea oferi perspective valoroase asupra s\u0103n\u0103t\u0103\u021bii imunit\u0103\u021bii \u0219i preven\u021biei bolilor autoimune, subliniind importan\u021ba esen\u021bial\u0103 a vitaminei D \u00een copil\u0103rie.<\/p>","protected":false},"excerpt":{"rendered":"<p>Ce este TIMUSUL Timusul, o gland\u0103 situat\u0103 \u00een spatele sternului, joac\u0103 un rol vital \u00een&hellip;<\/p>\n","protected":false},"author":0,"featured_media":3614,"comment_status":"open","ping_status":"open","sticky":false,"template":"","format":"standard","meta":{"footnotes":""},"categories":[8],"tags":[],"class_list":["post-3613","post","type-post","status-publish","format-standard","has-post-thumbnail","hentry","category-lifestyle"],"_links":{"self":[{"href":"https:\/\/247stiri.ro\/index.php\/wp-json\/wp\/v2\/posts\/3613","targetHints":{"allow":["GET"]}}],"collection":[{"href":"https:\/\/247stiri.ro\/index.php\/wp-json\/wp\/v2\/posts"}],"about":[{"href":"https:\/\/247stiri.ro\/index.php\/wp-json\/wp\/v2\/types\/post"}],"replies":[{"embeddable":true,"href":"https:\/\/247stiri.ro\/index.php\/wp-json\/wp\/v2\/comments?post=3613"}],"version-history":[{"count":0,"href":"https:\/\/247stiri.ro\/index.php\/wp-json\/wp\/v2\/posts\/3613\/revisions"}],"wp:featuredmedia":[{"embeddable":true,"href":"https:\/\/247stiri.ro\/index.php\/wp-json\/wp\/v2\/media\/3614"}],"wp:attachment":[{"href":"https:\/\/247stiri.ro\/index.php\/wp-json\/wp\/v2\/media?parent=3613"}],"wp:term":[{"taxonomy":"category","embeddable":true,"href":"https:\/\/247stiri.ro\/index.php\/wp-json\/wp\/v2\/categories?post=3613"},{"taxonomy":"post_tag","embeddable":true,"href":"https:\/\/247stiri.ro\/index.php\/wp-json\/wp\/v2\/tags?post=3613"}],"curies":[{"name":"wp","href":"https:\/\/api.w.org\/{rel}","templated":true}]}}