{"id":36504,"date":"2025-03-04T05:45:23","date_gmt":"2025-03-04T05:45:23","guid":{"rendered":"https:\/\/247stiri.ro\/index.php\/2025\/03\/04\/razboi-in-ucraina-ziua-1105-zelenski-insista-ca-doreste-ca-razboiul-sa-se-incheie-cat-mai-repede-posibil-live-text\/"},"modified":"2025-03-04T05:45:23","modified_gmt":"2025-03-04T05:45:23","slug":"razboi-in-ucraina-ziua-1105-zelenski-insista-ca-doreste-ca-razboiul-sa-se-incheie-cat-mai-repede-posibil-live-text","status":"publish","type":"post","link":"https:\/\/247stiri.ro\/index.php\/2025\/03\/04\/razboi-in-ucraina-ziua-1105-zelenski-insista-ca-doreste-ca-razboiul-sa-se-incheie-cat-mai-repede-posibil-live-text\/","title":{"rendered":"R\u0103zboi \u00een Ucraina, ziua 1105. Zelenski insist\u0103 c\u0103 dore\u0219te ca r\u0103zboiul s\u0103 se \u00eencheie c\u00e2t mai repede posibil &#8211; LIVE TEXT"},"content":{"rendered":"<p>&#8222;Este foarte important c\u0103 \u00eencerc\u0103m s\u0103 facem diploma\u021bia noastr\u0103 cu adev\u0103rat substan\u021bial\u0103 pentru a pune cap\u0103t acestui r\u0103zboi c\u00e2t mai cur\u00e2nd posibil&#8221;, a scris el pe re\u021beaua de socializare X. &#8222;Ucraina, Europa, Statele Unite: numai \u00eempreun\u0103 vom putea restabili securitatea pentru toate popoarele noastre \u0219i este cu adev\u0103rat posibil&#8221;, a ad\u0103ugat el \u00eentr-un alt mesaj postat pe X.<\/p>\n<p>Pre\u0219edintele ucrainean a estimat, de asemenea, c\u0103 orice \u00eencetare a focului \u00een Ucraina ar fi sortit\u0103 e\u0219ecului dac\u0103 nu exist\u0103 &#8222;garan\u021bii de securitate&#8221; pentru a evita o reluare a ostilit\u0103\u021bilor.<\/p>\n<p>&#8222;Ar fi un e\u0219ec pentru toat\u0103 lumea dac\u0103 Ucraina este for\u021bat\u0103 la o \u00eencetare a focului f\u0103r\u0103 garan\u021bii serioase de securitate&#8221;, a declarat el \u00een fa\u021ba presei la Londra \u00een noaptea de duminic\u0103 spre luni.<\/p>\n<p>Volodimir Zelenski a participat duminic\u0103, la Londra, la o reuniune cu alia\u021bii Ucrainei, la dou\u0103 zile dup\u0103 o alterca\u021bie cu Donald Trump la Casa Alb\u0103.<\/p>\n<p>Washingtonul, care a declan\u0219at negocieri cu Rusia f\u0103r\u0103 a asocia nici Ucraina, nici Europa, \u00eei repro\u0219eaz\u0103 liderului ucrainean c\u0103 nu accept\u0103 o \u00eencetare a focului necondi\u021bionat\u0103.<\/p>","protected":false},"excerpt":{"rendered":"<p>&#8222;Este foarte important c\u0103 \u00eencerc\u0103m s\u0103 facem diploma\u021bia noastr\u0103 cu adev\u0103rat substan\u021bial\u0103 pentru a pune&hellip;<\/p>\n","protected":false},"author":0,"featured_media":36505,"comment_status":"open","ping_status":"open","sticky":false,"template":"","format":"standard","meta":{"footnotes":""},"categories":[4],"tags":[],"class_list":["post-36504","post","type-post","status-publish","format-standard","has-post-thumbnail","hentry","category-extern"],"_links":{"self":[{"href":"https:\/\/247stiri.ro\/index.php\/wp-json\/wp\/v2\/posts\/36504","targetHints":{"allow":["GET"]}}],"collection":[{"href":"https:\/\/247stiri.ro\/index.php\/wp-json\/wp\/v2\/posts"}],"about":[{"href":"https:\/\/247stiri.ro\/index.php\/wp-json\/wp\/v2\/types\/post"}],"replies":[{"embeddable":true,"href":"https:\/\/247stiri.ro\/index.php\/wp-json\/wp\/v2\/comments?post=36504"}],"version-history":[{"count":0,"href":"https:\/\/247stiri.ro\/index.php\/wp-json\/wp\/v2\/posts\/36504\/revisions"}],"wp:featuredmedia":[{"embeddable":true,"href":"https:\/\/247stiri.ro\/index.php\/wp-json\/wp\/v2\/media\/36505"}],"wp:attachment":[{"href":"https:\/\/247stiri.ro\/index.php\/wp-json\/wp\/v2\/media?parent=36504"}],"wp:term":[{"taxonomy":"category","embeddable":true,"href":"https:\/\/247stiri.ro\/index.php\/wp-json\/wp\/v2\/categories?post=36504"},{"taxonomy":"post_tag","embeddable":true,"href":"https:\/\/247stiri.ro\/index.php\/wp-json\/wp\/v2\/tags?post=36504"}],"curies":[{"name":"wp","href":"https:\/\/api.w.org\/{rel}","templated":true}]}}