{"id":36510,"date":"2025-03-04T05:45:26","date_gmt":"2025-03-04T05:45:26","guid":{"rendered":"https:\/\/247stiri.ro\/index.php\/2025\/03\/04\/sarbatoarea-zilei-4-martie-2025-un-important-sfant-este-pomenit-in-calendarele-crestine\/"},"modified":"2025-03-04T05:45:26","modified_gmt":"2025-03-04T05:45:26","slug":"sarbatoarea-zilei-4-martie-2025-un-important-sfant-este-pomenit-in-calendarele-crestine","status":"publish","type":"post","link":"https:\/\/247stiri.ro\/index.php\/2025\/03\/04\/sarbatoarea-zilei-4-martie-2025-un-important-sfant-este-pomenit-in-calendarele-crestine\/","title":{"rendered":"S\u0103rb\u0103toarea zilei: 4 martie 2025. Un important sf\u00e2nt este pomenit \u00een calendarele cre\u0219tine"},"content":{"rendered":"<p>S\u0103rb\u0103toare important\u0103 \u00een data de 4 martie \u00een calendarul ortodox din \u021bara noastr\u0103<\/p>\n<p>OrtodoxeSf. Cuv. Gherasim de la Iordan; Sf. Mc. Pavel \u015fi sora sa, Iuliana<\/p>\n<p>Greco-catoliceSf. cuv. Gherasim de la Iordan<\/p>\n<p>Romano-catoliceSf. Cazimir, rege Sf\u00e2ntul Cuvios Gherasim de la Iordan este pomenit \u00een calendarul cre\u015ftin ortodox \u00een ziua de 4 martie.<\/p>\n<p>N\u0103scut \u00een Licia (Asia Mic\u0103), Sf\u00e2ntul Gherasim a intrat de t\u00e2n\u0103r \u00een monahism, retr\u0103g\u00e2ndu-se \u00een pustiul Tebaidei din Egipt.<\/p>\n<p>Dup\u0103 o vreme s-a \u00eentors \u00een Palestina, \u00een timpul \u00eemp\u0103ratului Teodosie cel T\u00e2n\u0103r (408-450), \u015fi s-a s\u0103l\u0103\u015fluit \u00een pustia Iordanului, unde a \u00eentemeiat o m\u0103n\u0103stire, \u00eentr-un loc retras.<\/p>\n<p>Sf\u00e2ntul Gherman a fost am\u0103git de erezia monofizit\u0103, sus\u0163inut\u0103 de Eutihie, arhimandrit din Constantinopol. A mers atunci la p\u0103rin\u0163ii care r\u0103m\u0103seser\u0103 statornici \u00een dreapta credin\u0163\u0103 \u015fi se retr\u0103seser\u0103 din lume din cauza marilor tulbur\u0103ri provocate de eretici. De la pustnici a \u00eenv\u0103\u0163at pe deplin dreapta credin\u0163\u0103, c\u0103indu-se foarte mult de \u00een\u015fel\u0103ciunea sa de mai \u00eenainte.<\/p>\n<p><a href=\"https:\/\/www.realitatea.net\/stiri\/actual\/mucenici-moldovenesti-insiropati-si-cu-nuca-din-belsug-reteta-celui-mai-bun-desert-de-sezon_67c574bfe713a627e9705c43\" target=\"_blank\">Mucenici moldovene\u0219ti \u00eensiropa\u021bi \u0219i cu nuc\u0103 din bel\u0219ug. Re\u021beta celui mai bun desert de sezon<\/a><\/p>\n<p>Monofizismul a provocat \u00een Biseric\u0103 mari tulbur\u0103ri \u015fi a fost nevoie de o adunare sinodal\u0103, Sinodul al IV-lea Ecumenic, care s\u0103 restabileasc\u0103 adev\u0103rul de credin\u0163\u0103.<\/p>\n<p>Sinodul al IV-lea Ecumenic s-a \u0163inut \u00eentre 8 \u015fi 25 octombrie 451, la Calcedon, \u015fi a avut o participare impresionant\u0103. Au fost prezen\u0163i la \u00eentrunirea convocat\u0103 de \u00eemp\u0103ra\u0163ii Pulcheria \u015fi Marcian \u00een jur de 600 de P\u0103rin\u0163i.<\/p>\n<p>Sf\u00e2ntul Gherman a ridicat o m\u0103n\u0103stire \u00een apropierea Iordanului, av\u00e2nd sub ascultarea sa \u015faptezeci de monahi, care se rugau \u00een chiliile lor primele cinci zile din s\u0103pt\u0103m\u00e2n\u0103, iar s\u00e2mb\u0103ta \u015fi duminica participau la sfintele slujbe \u015fi se \u00eemp\u0103rt\u0103\u015feau cu Sfintele Taine. Se \u00eembinau astfel cele dou\u0103 moduri de vie\u0163uire monahal\u0103, cenobitic (ob\u015fte) \u015fi idioritmic (de sine), specifice comunit\u0103\u0163ilor monahale din pustia Egiptului.<\/p>\n<p>&#8222;Erau sub m\u00e2na lui \u00een pustie nu mai pu\u0163in de \u015faptezeci dintr-ace\u015fti vie\u0163uitori, c\u0103rora le era dat\u0103 r\u00e2nduiala vie\u0163ii de Cuviosul Gherasim, astfel: Cinci zile pe s\u0103pt\u0103m\u00e2n\u0103 fiecare \u015fedea \u00een pustniceasca sa chilie, singur, \u00een t\u0103cere, av\u00e2nd oarecare lucru de m\u00e2ini; m\u00e2nca pu\u0163in\u0103 p\u00e2ine uscat\u0103, pe care o aducea cu sine din m\u0103n\u0103stire, ap\u0103 \u015fi curmale; iar a gusta vreo fiertur\u0103 nu le era slobod; nici foc nu-i l\u0103sa s\u0103 aprind\u0103 \u00een chiliile lor, ca nici cu cugetul s\u0103 nu doreasc\u0103 ceva \u00een acele cinci zile&#8221;. (Vie\u0163ile Sfin\u0163ilor)<\/p>\n<p>&#8222;Se mai poveste\u015fte \u015fi aceasta: Unii din acei p\u0103rin\u0163i pustnici, venind la Cuviosul Gherasim, \u00eel rugau ca s\u0103 le porunceasc\u0103 s\u0103 aprind\u0103 uneori lum\u00e2nare \u00een sih\u0103stre\u015ftile lor chilii, pentru citirea de noapte, iar uneori s\u0103 aprind\u0103 \u015fi foc ca s\u0103-\u015fi \u00eenc\u0103lzeasc\u0103 ap\u0103 pentru trebuin\u0163a lor. Sf\u00e2ntul le r\u0103spundea: &#8222;De voi\u0163i s\u0103 ave\u0163i foc \u00een pustie, veni\u0163i de petrece\u0163i \u00een m\u0103n\u0103stire, \u00eempreun\u0103 cu noii \u00eencep\u0103tori, c\u0103ci eu niciodat\u0103 nu voi l\u0103sa s\u0103 se fac\u0103 foc \u00een loca\u015furile pustnice\u015fti, \u00een toate zilele vie\u0163ii mele&#8221;&#8221;. (Vie\u0163ile Sfin\u0163ilor)<\/p>\n<p>Pentru cur\u0103\u0163enia vie\u0163ii sale, Sf\u00e2ntul Cuvios Gherasim era ascultat \u015fi de animalele s\u0103lbatice. Un leu, pe care l-a \u00eengrijit \u015fi l-a vindecat, sco\u0163\u00e2ndu-i un ghimpe din picior, \u00eel asculta \u015fi-l \u00eenso\u0163ea \u00eentotdeauna.<\/p>\n<p>Dup\u0103 sf\u00e2r\u015fitul Sf\u00e2ntului Gherasim, leul, care nu se afla atunci \u00een lavr\u0103, a fost dus de monahi la morm\u00e2ntul stare\u0163ului, c\u0103ci acesta r\u0103cnea cumplit \u00een timp ce-l c\u0103uta prin m\u0103n\u0103stire pe st\u0103p\u00e2nul s\u0103u. \u015ei deasupra morm\u00e2ntului, leul a murit de durere.<\/p>\n<p>&#8222;\u00cens\u0103 aceasta s-a f\u0103cut nu pentru c\u0103 leul a avut suflet cuv\u00e2nt\u0103tor, ci Dumnezeu a voit s\u0103 pream\u0103reasc\u0103 pe cel ce L-a pream\u0103rit pe El, adic\u0103 pe Sf\u00e2ntul Cuviosul Gherasim, nu numai \u00een via\u0163\u0103, ci \u015fi dup\u0103 moarte. Apoi s\u0103 ne arate nou\u0103, c\u00e2t\u0103 ascultare aveau fiarele c\u0103tre Adam \u00een Rai, mai \u00eenainte de a lui neascultare \u015fi c\u0103dere din Rai&#8221;. (Vie\u0163ile Sfin\u0163ilor)<\/p>\n<p>* Sfin\u0163ii Mucenici Pavel \u015fi Iuliana erau fra\u0163i \u015fi au p\u0103timit \u00een timpul \u00eemp\u0103ratului Aurelian (270-275).<\/p>\n<p>C\u00e2nd \u00eemp\u0103ratul a trecut prin ora\u015ful Ptolemaida din Fenicia (Liban), Pavel s-a \u00eensemnat cu Sf\u00e2nta Cruce pe frunte. V\u0103z\u00e2ndu-l, \u00eemp\u0103ratul a cerut s\u0103 fie prins \u015fi \u00eenchis. Iuliana i-a luat ap\u0103rarea fratelui ei \u015fi a suferit moarte \u00een chinuri, al\u0103turi de Pavel.<\/p>\n<p>\u00cempreun\u0103 cu Pavel \u015fi Iuliana au suferit moarte martiric\u0103 \u015fi osta\u015fii Codrat, Acachie \u015fi Stratonic, care dup\u0103 ce au v\u0103zut \u015fi auzit \u00een timpul p\u0103timirilor celor doi mucenici au m\u0103rturisit c\u0103 Hristos este Dumnezeu. (sursa: vol. &#8222;Vie\u0163ile Sfin\u0163ilor&#8221;)<\/p>\n<p><a href=\"https:\/\/www.realitatea.net\/stiri\/actual\/mucenici-moldovenesti-insiropati-si-cu-nuca-din-belsug-reteta-celui-mai-bun-desert-de-sezon_67c574bfe713a627e9705c43\" target=\"_blank\">Mucenici moldovene\u0219ti \u00eensiropa\u021bi \u0219i cu nuc\u0103 din bel\u0219ug. Re\u021beta celui mai bun desert de sezon<\/a><\/p>","protected":false},"excerpt":{"rendered":"<p>S\u0103rb\u0103toare important\u0103 \u00een data de 4 martie \u00een calendarul ortodox din \u021bara noastr\u0103 OrtodoxeSf. Cuv.&hellip;<\/p>\n","protected":false},"author":0,"featured_media":36503,"comment_status":"open","ping_status":"open","sticky":false,"template":"","format":"standard","meta":{"footnotes":""},"categories":[2],"tags":[],"class_list":["post-36510","post","type-post","status-publish","format-standard","has-post-thumbnail","hentry","category-actual"],"_links":{"self":[{"href":"https:\/\/247stiri.ro\/index.php\/wp-json\/wp\/v2\/posts\/36510","targetHints":{"allow":["GET"]}}],"collection":[{"href":"https:\/\/247stiri.ro\/index.php\/wp-json\/wp\/v2\/posts"}],"about":[{"href":"https:\/\/247stiri.ro\/index.php\/wp-json\/wp\/v2\/types\/post"}],"replies":[{"embeddable":true,"href":"https:\/\/247stiri.ro\/index.php\/wp-json\/wp\/v2\/comments?post=36510"}],"version-history":[{"count":0,"href":"https:\/\/247stiri.ro\/index.php\/wp-json\/wp\/v2\/posts\/36510\/revisions"}],"wp:featuredmedia":[{"embeddable":true,"href":"https:\/\/247stiri.ro\/index.php\/wp-json\/wp\/v2\/media\/36503"}],"wp:attachment":[{"href":"https:\/\/247stiri.ro\/index.php\/wp-json\/wp\/v2\/media?parent=36510"}],"wp:term":[{"taxonomy":"category","embeddable":true,"href":"https:\/\/247stiri.ro\/index.php\/wp-json\/wp\/v2\/categories?post=36510"},{"taxonomy":"post_tag","embeddable":true,"href":"https:\/\/247stiri.ro\/index.php\/wp-json\/wp\/v2\/tags?post=36510"}],"curies":[{"name":"wp","href":"https:\/\/api.w.org\/{rel}","templated":true}]}}