{"id":36519,"date":"2025-03-04T06:44:48","date_gmt":"2025-03-04T06:44:48","guid":{"rendered":"https:\/\/247stiri.ro\/index.php\/2025\/03\/04\/partidul-condus-de-generalul-r-gabriel-oprea-si-a-schimbat-numele-si-a-devenit-pentru-patrie-militari-politisti\/"},"modified":"2025-03-04T06:44:48","modified_gmt":"2025-03-04T06:44:48","slug":"partidul-condus-de-generalul-r-gabriel-oprea-si-a-schimbat-numele-si-a-devenit-pentru-patrie-militari-politisti","status":"publish","type":"post","link":"https:\/\/247stiri.ro\/index.php\/2025\/03\/04\/partidul-condus-de-generalul-r-gabriel-oprea-si-a-schimbat-numele-si-a-devenit-pentru-patrie-militari-politisti\/","title":{"rendered":"Partidul condus de generalul (r) Gabriel Oprea \u0219i-a schimbat numele \u0219i a devenit &#8222;Pentru Patrie, Militari, Poli\u021bi\u0219ti&#8221;"},"content":{"rendered":"<p>&#8222;De\u0219i nu le este permis s\u0103 fac\u0103 politic\u0103, militarii \u0219i poli\u021bi\u0219tii activi au dreptul consitu\u021bional de a-\u0219i exprima alegerile prin vot, \u00een calitate de cet\u0103\u021beni rom\u00e2ni. De azi \u00eenainte, ei au \u00een PPMP un partid care \u00eei reprezint\u0103 \u00een totalitate, condus de un camarad pe care pot s\u0103 conteze cu adev\u0103rat, care s-a b\u0103tut, de-a lungul timpului, pentru drepturile lor, ca ministru al ap\u0103r\u0103rii na\u021bionale, ministru al afacerilor interne, vicepremier pentru securitate na\u021bional\u0103 \u0219i premier interimar, gl.(r) Gabriel Oprea.\u00a0<\/p>\n<p>Lumea traverseaz\u0103 vremuri tulburi, cu r\u0103zboiul de la grani\u021ba Rom\u00e2niei, cu r\u0103zboiul din Orientul Mijlociu. Rom\u00e2nii din \u021bar\u0103 \u0219i din diaspora au nevoie de siguran\u021b\u0103 \u0219i de prosperitate pentru ei \u0219i copiii lor. Iar siguran\u021ba \u0219i prosperitatea se ob\u021bin prin pace. Militarii \u0219i poli\u021bi\u0219tii activi \u0219i \u00een rezerv\u0103, care au jurat s\u0103-\u0219i apere \u021bara chiar cu pre\u021bul vie\u021bii, sunt cei care asigur\u0103 pacea. Militarii \u0219i poli\u021bi\u0219tii \u00een rezerv\u0103, \u00ee\u0219i fac datoria fa\u021b\u0103 de \u021bar\u0103, potrivit legii, p\u00e2n\u0103 la v\u00e2rsta de 62 de ani, apoi trec \u00een retragere. Oamenii din aceast\u0103 categorie profesional\u0103 \u00ee\u0219i respect\u0103 jur\u0103m\u00e2ntul. Trebuie s\u0103-i onor\u0103m, s\u0103-i dot\u0103m, s\u0103 le asigur\u0103m drepturile, la fel cum \u0219i ei \u00ee\u0219i respect\u0103 jur\u0103m\u00e2ntul fa\u021b\u0103 de Patrie.\u00a0<\/p>\n\n<p>Gl.(r) Gabriel Oprea a ini\u021biat Legea 223\/2015 privind pensiile militare de stat \u0219i a sus\u021binut-o \u00een Parlament, din pozi\u021bia de prim-ministru interimar. Legea a fost adoptat\u0103 f\u0103r\u0103 niciun vot \u00eempotriv\u0103. O lege dreapt\u0103 pentru militarii \u0219i poli\u021bi\u0219tii activi, \u00een rezerv\u0103 \u0219i retragere, care din p\u0103cate a fost modificat\u0103 de nenum\u0103rate ori, de c\u0103tre guvernele care au urmat.\u00a0<\/p>\n<p>Legea 223\/2015 trebuie s\u0103 revin\u0103 la forma ini\u021bial\u0103, a\u0219a cum a fost negociat\u0103 de c\u0103tre premierul interimar cu sindicatele din domeniu&#8221;, anun\u021b\u0103 partidul, \u00eentr-un comunicat de pres\u0103.<\/p>\n<p>\u00cen mandatele men\u021bionate, Gabriel Oprea a creat condi\u021biile necesare pentru ca familiile eroilor militari \u0219i poli\u021bi\u0219ti s\u0103 fie protejate \u00een mod real. Astfel, prin deciziile adoptate de c\u0103tre pre\u0219edintele PPMP, so\u021biile eroilor au fost angajate \u00een institu\u021biile din sistemul de securitate na\u021bional\u0103. Copiii eroilor care doresc s\u0103 urmeze cariera p\u0103rin\u021bilor, au acces f\u0103r\u0103 examen \u00een institu\u021biile de \u00eenv\u0103\u021b\u0103m\u00e2nt militare \u0219i de poli\u021bie.\u00a0<\/p>\n<p>Simbolul acestui sistem de valori este monumentul eroilor militari \u0219i poli\u021bi\u0219ti care \u0219i-au dat via\u021ba de-a lungul existen\u021bei statului rom\u00e2n modern, ridicat \u00een Parcul Tineretului de c\u0103tre artistul Valentin Tanase. Monumentul a fost realizat din fondurile proprii ale ministrului ap\u0103r\u0103rii Gabriel Oprea \u0219i donat Armatei, \u00een anul 2010.<\/p>\n<p>\u201cCamaraderia este simbolul cel mai important \u00een domeniul securit\u0103\u021bii na\u021bionale. Sunt copil de militar c\u0103zut la datorie. Tatal meu, capitanul Marin Oprea, a murit la datorie, \u00een misiune, la 38 de ani. Mama a r\u0103mas v\u0103duva la v\u00e2rsta de 33 de ani, cu 2 baieti de 10 \u0219i 5 ani. Am ales s\u0103 urmez cariera tat\u0103lui meu \u0219i s\u0103 fiu al\u0103turi de militari cu toate for\u021bele\u201d, subliniaz\u0103 Gabriel Oprea.<\/p>\n<p>\u00cen anul 2015, un sondaj IRES ar\u0103ta c\u0103 Gabriel Oprea este \u201ccel mai apreciat ministru de interne\u201d, cu 53% \u00eencredere \u0219i mult\u0103 \u00eencredere, ca vicepremier pentru securitate na\u021bional\u0103 \u0219i prim-ministru interimar.\u00a0<\/p>\n<p>\u201cMi s-a cerut s\u0103-l dau jos pe Victor Ponta \u0219i mi s-a propus scaunul de prim-ministru. Nu am f\u0103cut acest lucru, mi-am respectat cuv\u00e2ntul dat ca om \u0219i ca militar \u0219i mi s-au f\u0103cut dosare politice mizerabile pentru a fi \u00eendep\u0103rtat. La doar cateva luni de la sondajul \u00een care \u00eenregistram un nivel ridicat de \u00eencredere \u00een r\u00e2ndul rom\u00e2nilor, am devenit \u021bint\u0103 politic\u0103. Ca un om de onoare, am demisionat din toate func\u021biile din guvern, din partid \u0219i din Parlament, de\u0219i Senatul a votat pentru men\u021binerea imunit\u0103\u021bii parlamentare.<\/p>\n<p>M-am pus la dispozi\u021bia justi\u021biei, care, dup\u0103 8 ani grei de procese, a stabilit, prin hot\u0103r\u00e2ri definitive, de la Tribunalul Bucure\u0219ti, la Curtea de Apel \u0219i ICCJ, c\u0103 FAPTA NU EXIST\u0102! Dumnezeu, Patrie, Familie, Onoare &#8211; sunt principiile de militar care m\u0103 c\u0103l\u0103uzesc \u00een via\u021ba \u0219i reprezint\u0103 cele mai importante valori ale militarilor, poli\u021bi\u0219tilor \u0219i patrio\u021bilor. Rom\u00e2nii au cea mai mare \u00eencredere \u00een Dumnezeu, Biseric\u0103 \u0219i Armat\u0103\u201d, a declarat pre\u0219edintele PPMP.<\/p>\n<p>Militarii \u0219i poli\u021bi\u0219tii \u00een rezerv\u0103 \u0219i retragere \u0219i to\u021bi rom\u00e2nii patrio\u021bi sunt a\u0219tepta\u021bi s\u0103 se \u00eenscrie \u00een partidul lor, PPMP, \u00een toate jude\u021bele din Rom\u00e2nia \u0219i la sediul central din strada Romulus nr. 64, sector 3, Bucure\u0219ti.<\/p>\n<p>Pentru informa\u021bii suplimentare, poate fi contactat Col.(rtr) Gelu Ivan, la tel: 0723 836 097.<\/p>\n<p>\u00a0<\/p>","protected":false},"excerpt":{"rendered":"<p>&#8222;De\u0219i nu le este permis s\u0103 fac\u0103 politic\u0103, militarii \u0219i poli\u021bi\u0219tii activi au dreptul consitu\u021bional&hellip;<\/p>\n","protected":false},"author":0,"featured_media":36520,"comment_status":"open","ping_status":"open","sticky":false,"template":"","format":"standard","meta":{"footnotes":""},"categories":[3],"tags":[],"class_list":["post-36519","post","type-post","status-publish","format-standard","has-post-thumbnail","hentry","category-politica"],"_links":{"self":[{"href":"https:\/\/247stiri.ro\/index.php\/wp-json\/wp\/v2\/posts\/36519","targetHints":{"allow":["GET"]}}],"collection":[{"href":"https:\/\/247stiri.ro\/index.php\/wp-json\/wp\/v2\/posts"}],"about":[{"href":"https:\/\/247stiri.ro\/index.php\/wp-json\/wp\/v2\/types\/post"}],"replies":[{"embeddable":true,"href":"https:\/\/247stiri.ro\/index.php\/wp-json\/wp\/v2\/comments?post=36519"}],"version-history":[{"count":0,"href":"https:\/\/247stiri.ro\/index.php\/wp-json\/wp\/v2\/posts\/36519\/revisions"}],"wp:featuredmedia":[{"embeddable":true,"href":"https:\/\/247stiri.ro\/index.php\/wp-json\/wp\/v2\/media\/36520"}],"wp:attachment":[{"href":"https:\/\/247stiri.ro\/index.php\/wp-json\/wp\/v2\/media?parent=36519"}],"wp:term":[{"taxonomy":"category","embeddable":true,"href":"https:\/\/247stiri.ro\/index.php\/wp-json\/wp\/v2\/categories?post=36519"},{"taxonomy":"post_tag","embeddable":true,"href":"https:\/\/247stiri.ro\/index.php\/wp-json\/wp\/v2\/tags?post=36519"}],"curies":[{"name":"wp","href":"https:\/\/api.w.org\/{rel}","templated":true}]}}