{"id":36539,"date":"2025-03-04T07:44:49","date_gmt":"2025-03-04T07:44:49","guid":{"rendered":"https:\/\/247stiri.ro\/index.php\/2025\/03\/04\/prognoza-meteo-anm-pe-luna-martie-temperaturi-nespecifice-perioadei-si-precipitatii-la-limita\/"},"modified":"2025-03-04T07:44:49","modified_gmt":"2025-03-04T07:44:49","slug":"prognoza-meteo-anm-pe-luna-martie-temperaturi-nespecifice-perioadei-si-precipitatii-la-limita","status":"publish","type":"post","link":"https:\/\/247stiri.ro\/index.php\/2025\/03\/04\/prognoza-meteo-anm-pe-luna-martie-temperaturi-nespecifice-perioadei-si-precipitatii-la-limita\/","title":{"rendered":"Prognoza meteo ANM pe luna MARTIE. Temperaturi nespecifice perioadei \u0219i precipita\u021bii la limit\u0103"},"content":{"rendered":"<p>Potrivit Administra\u0163iei Na\u0163ionale de Meteorologie (ANM), estim\u0103rile meteorologice pentru patru s\u0103pt\u0103m\u00e2ni sunt realizate de c\u0103tre ECMWF &#8211; Centrul European pentru Prognoze pe Medie Durat\u0103. Este estimat\u0103 media s\u0103pt\u0103m\u00e2nal\u0103 a abaterilor temperaturii aerului \u015fi a cantit\u0103\u0163ilor de precipita\u0163ii fa\u0163\u0103 de media perioadei 2005-2024. Fenomenele extreme cu o durat\u0103 scurt\u0103 de manifestare nu pot fi prognozate cu ajutorul acestui produs, conform Mediafax.<\/p>\n<p>S\u0103pt\u0103m\u00e2na 3-10 martie<\/p>\n<p>Valorile termice vor fi mai ridicate dec\u00e2t cele specifice pentru aceast\u0103 s\u0103pt\u0103m\u00e2n\u0103 pe \u00eentreg teritoriul Rom\u00e2niei, dar cu o abatere termic\u0103 pozitiv\u0103 mai accentuat\u0103 \u00een zonele montane.<\/p>\n<p>Regimul pluviometric estimat pentru acest interval va fi deficitar la nivelul \u00eentregii \u0163\u0103ri.<\/p>\n<p>S\u0103pt\u0103m\u00e2na 10-17 martie<\/p>\n<p>Temperaturile medii vor fi mai ridicate dec\u00e2t cele normale pentru aceast\u0103 perioad\u0103 \u00een toate regiunile, dar mai ales \u00een zonele montane.<\/p>\n<p>Cantit\u0103\u0163ile de precipita\u0163ii vor fi local excedentare \u00een extremitatea de nord-vest a \u0163\u0103rii, dar \u015fi u\u015for deficitare \u00een jum\u0103tatea estic\u0103 a teritoriului, iar \u00een rest vor fi \u00een general apropiate de cele normale.<\/p>\n<p>S\u0103pt\u0103m\u00e2na 17-24 martie<\/p>\n<p>Temperatura medie a aerului va avea valori mai ridicate dec\u00e2t cele normale pentru acest interval la nivelul \u00eentregii \u0163\u0103ri.<\/p>\n<p>Regimul pluviometric va fi u\u015for excedentar \u00een regiunile vestice \u015fi sud-vestice, iar \u00een rest va fi apropiat de cel normal pentru aceast\u0103 perioad\u0103.<\/p>\n<p>S\u0103pt\u0103m\u00e2na 24-31 martie<\/p>\n<p>Mediile valorilor termice se vor situa peste cele specifice pentru aceast\u0103 s\u0103pt\u0103m\u00e2n\u0103 pe \u00eentreg teritoriul Rom\u00e2niei.<\/p>\n<p>Cantit\u0103\u0163ile de precipita\u0163ii vor fi u\u015for deficitare \u00een regiunile sudice \u015fi sud-estice, iar \u00een rest vor fi apropiate de cele normale pentru aceast\u0103 perioad\u0103.<\/p>","protected":false},"excerpt":{"rendered":"<p>Potrivit Administra\u0163iei Na\u0163ionale de Meteorologie (ANM), estim\u0103rile meteorologice pentru patru s\u0103pt\u0103m\u00e2ni sunt realizate de c\u0103tre&hellip;<\/p>\n","protected":false},"author":0,"featured_media":36540,"comment_status":"open","ping_status":"open","sticky":false,"template":"","format":"standard","meta":{"footnotes":""},"categories":[2],"tags":[],"class_list":["post-36539","post","type-post","status-publish","format-standard","has-post-thumbnail","hentry","category-actual"],"_links":{"self":[{"href":"https:\/\/247stiri.ro\/index.php\/wp-json\/wp\/v2\/posts\/36539","targetHints":{"allow":["GET"]}}],"collection":[{"href":"https:\/\/247stiri.ro\/index.php\/wp-json\/wp\/v2\/posts"}],"about":[{"href":"https:\/\/247stiri.ro\/index.php\/wp-json\/wp\/v2\/types\/post"}],"replies":[{"embeddable":true,"href":"https:\/\/247stiri.ro\/index.php\/wp-json\/wp\/v2\/comments?post=36539"}],"version-history":[{"count":0,"href":"https:\/\/247stiri.ro\/index.php\/wp-json\/wp\/v2\/posts\/36539\/revisions"}],"wp:featuredmedia":[{"embeddable":true,"href":"https:\/\/247stiri.ro\/index.php\/wp-json\/wp\/v2\/media\/36540"}],"wp:attachment":[{"href":"https:\/\/247stiri.ro\/index.php\/wp-json\/wp\/v2\/media?parent=36539"}],"wp:term":[{"taxonomy":"category","embeddable":true,"href":"https:\/\/247stiri.ro\/index.php\/wp-json\/wp\/v2\/categories?post=36539"},{"taxonomy":"post_tag","embeddable":true,"href":"https:\/\/247stiri.ro\/index.php\/wp-json\/wp\/v2\/tags?post=36539"}],"curies":[{"name":"wp","href":"https:\/\/api.w.org\/{rel}","templated":true}]}}