{"id":36542,"date":"2025-03-04T07:44:50","date_gmt":"2025-03-04T07:44:50","guid":{"rendered":"https:\/\/247stiri.ro\/index.php\/2025\/03\/04\/criza-de-oua-in-perioada-pastelui-productia-a-scazut-considerabil-anuntul-uniunii-crescatorilor-de-pasari\/"},"modified":"2025-03-04T07:44:50","modified_gmt":"2025-03-04T07:44:50","slug":"criza-de-oua-in-perioada-pastelui-productia-a-scazut-considerabil-anuntul-uniunii-crescatorilor-de-pasari","status":"publish","type":"post","link":"https:\/\/247stiri.ro\/index.php\/2025\/03\/04\/criza-de-oua-in-perioada-pastelui-productia-a-scazut-considerabil-anuntul-uniunii-crescatorilor-de-pasari\/","title":{"rendered":"Criz\u0103 de ou\u0103, \u00een perioada Pa\u0219telui. Produc\u021bia a sc\u0103zut considerabil &#8211; anun\u021bul Uniunii cresc\u0103torilor de p\u0103s\u0103ri\u00a0"},"content":{"rendered":"<p>Pre\u021bul la ou\u0103 a \u00eenregistrat o cre\u0219tere de peste 15% din cauza epidemiei de grip\u0103 aviar\u0103. Epidemia care a \u00eenceput la \u00eenceputul anului 2022, a redus popula\u0163iile de p\u0103s\u0103ri de curte din Statele Unite. Mai nou, criza se resimte \u0219i \u00een Uniunea European\u0103.<\/p>\n<p>Aceast\u0103 situa\u0163ie a dus la cre\u015fterea masiv\u0103 a pre\u0163urilor \u015fi oblig\u0103 comercian\u021bii s\u0103 v\u00e2nd\u0103 cu por\u021bia.<\/p>\n<p>Conform pre\u015fedintelui Uniunii Cresc\u0103torilor de P\u0103s\u0103ri din Rom\u00e2nia, de\u0219i deja \u0219i \u00een Europa se vorbe\u0219te de o lips\u0103 a ou\u0103lor, cererea de export nu a suferit modific\u0103ri. Speciali\u0219tii estimeaz\u0103 c\u0103 pre\u021burile vor continua s\u0103 creasc\u0103 si, p\u00e2n\u0103 la finalul anului, ou\u0103le vor fi cu cel pu\u021bin 20% mai scumpe.<\/p>\n<p>\u0218i \u00een Polonia, unul dintre cei mai mari produc\u0103tori de ou\u0103 din Uniunea European\u0103 se anun\u021b\u0103 o criz\u0103, mai ales \u00een contextul apropierii s\u0103rb\u0103torilor Pascale c\u00e2nd cererea este mai mare. Astfel, rezerva de ou\u0103 din aceast\u0103 prim\u0103var\u0103 ar putea fi cu p\u00e2n\u0103 la 20% mai mic\u0103 \u00een compara\u021bie cu perioada de Pa\u0219te de anul trecut.<\/p>\n<p>\u00cens\u0103 pentru \u021bara noastr\u0103 ve\u0219tile sunt unele mai optimiste. Pre\u015fedintele Uniunii Cresc\u0103torilor de P\u0103s\u0103ri spune c\u0103 Rom\u00e2nia este ferit\u0103 at\u00e2t pe termen scurt c\u00e2t \u0219i pe termen lung de o eventual\u0103 penurie de ou\u0103. \u0218i asta pentru c\u0103 rom\u00e2nii de\u021bin, \u00een propriile cur\u021bi, aproxi mativ 20 de milioane de g\u0103ini care produc \u00een fiecare zi, prim\u0103var\u0103 \u0219i var\u0103, 10 milioane de ou\u0103, adic\u0103 300 de milioane de ou\u0103 pe lun\u0103.\u00a0<\/p>","protected":false},"excerpt":{"rendered":"<p>Pre\u021bul la ou\u0103 a \u00eenregistrat o cre\u0219tere de peste 15% din cauza epidemiei de grip\u0103&hellip;<\/p>\n","protected":false},"author":0,"featured_media":36543,"comment_status":"open","ping_status":"open","sticky":false,"template":"","format":"standard","meta":{"footnotes":""},"categories":[2],"tags":[],"class_list":["post-36542","post","type-post","status-publish","format-standard","has-post-thumbnail","hentry","category-actual"],"_links":{"self":[{"href":"https:\/\/247stiri.ro\/index.php\/wp-json\/wp\/v2\/posts\/36542","targetHints":{"allow":["GET"]}}],"collection":[{"href":"https:\/\/247stiri.ro\/index.php\/wp-json\/wp\/v2\/posts"}],"about":[{"href":"https:\/\/247stiri.ro\/index.php\/wp-json\/wp\/v2\/types\/post"}],"replies":[{"embeddable":true,"href":"https:\/\/247stiri.ro\/index.php\/wp-json\/wp\/v2\/comments?post=36542"}],"version-history":[{"count":0,"href":"https:\/\/247stiri.ro\/index.php\/wp-json\/wp\/v2\/posts\/36542\/revisions"}],"wp:featuredmedia":[{"embeddable":true,"href":"https:\/\/247stiri.ro\/index.php\/wp-json\/wp\/v2\/media\/36543"}],"wp:attachment":[{"href":"https:\/\/247stiri.ro\/index.php\/wp-json\/wp\/v2\/media?parent=36542"}],"wp:term":[{"taxonomy":"category","embeddable":true,"href":"https:\/\/247stiri.ro\/index.php\/wp-json\/wp\/v2\/categories?post=36542"},{"taxonomy":"post_tag","embeddable":true,"href":"https:\/\/247stiri.ro\/index.php\/wp-json\/wp\/v2\/tags?post=36542"}],"curies":[{"name":"wp","href":"https:\/\/api.w.org\/{rel}","templated":true}]}}