{"id":36567,"date":"2025-03-04T08:44:52","date_gmt":"2025-03-04T08:44:52","guid":{"rendered":"https:\/\/247stiri.ro\/index.php\/2025\/03\/04\/traian-basescu-fara-sprijinul-sua-ucraina-va-capitula-problema-este-ca-urmam-noi-dupa-rusia-este-un-risc-pentru-pacea-europei\/"},"modified":"2025-03-04T08:44:52","modified_gmt":"2025-03-04T08:44:52","slug":"traian-basescu-fara-sprijinul-sua-ucraina-va-capitula-problema-este-ca-urmam-noi-dupa-rusia-este-un-risc-pentru-pacea-europei","status":"publish","type":"post","link":"https:\/\/247stiri.ro\/index.php\/2025\/03\/04\/traian-basescu-fara-sprijinul-sua-ucraina-va-capitula-problema-este-ca-urmam-noi-dupa-rusia-este-un-risc-pentru-pacea-europei\/","title":{"rendered":"Traian B\u0103sescu: F\u0103r\u0103 sprijinul SUA, Ucraina va capitula. Problema este c\u0103 urm\u0103m noi dup\u0103. Rusia este un risc pentru pacea Europei\u00a0"},"content":{"rendered":"<p>\u201eCred c\u0103 dl pre\u0219edinte Trump e pu\u021bin cam nervos. Deci ar trebui s\u0103 fie mai calm a\u0219a, c\u0103 lumea asta nu are numai viziuni care-i sunt proprii dlui Trump, ci sunt \u0219i alte viziuni, alte solu\u021bii. Ar trebui s\u0103 vorbeasc\u0103 mai mult cu\u2026 nu-mi vine s\u0103 le spun fo\u0219tii parteneri ai Americii \u00een Europa, nu pot s\u0103 formulez a\u0219a, de\u0219i a\u0219a pare\u2026 Adic\u0103 d\u00e2nsul e foarte dispre\u021buitor, inclusiv fa\u021b\u0103 de \u00eent\u00e2lnirea pe care au avut-o \u0219efii de stat \u0219i de guvern la Londra, \u00een care au \u00eencercat s\u0103 g\u0103seasc\u0103 o solu\u021bie.\u00a0<\/p>\n<p>Zelenski peste tot pe unde poate \u00ee\u0219i cere iertare, spune c\u0103 dl Trump e cel mai frumos, cel mai de\u0219tept, spune c\u0103 e gata s\u0103 semneze acordul \u0103sta pentru minerale, deci nu \u00een\u021beleg de ce se termin\u0103 r\u0103bdarea la dl Trump. Ar trebui s\u0103-l cheme pe Zelenski s\u0103-i spun\u0103 \u201estai jos, semneaz\u0103!\u201d, \u201eam semnat\u201d, \u201eie\u0219i afar\u0103!\u201d\u201d, a declarat Traian B\u0103sescu, la un post TV.<\/p>\n<p>\u201eEu, ca om politic, spun asta de 20 de ani \u2013 10 ani c\u00e2t am fost pre\u0219edinte: Rusia e un risc pentru pacea Europei, a fost dintotdeauna, \u0219i faptul c\u0103 s-a mers pe o politic\u0103 de descurajare prin prezen\u021ba sistemelor militare \u0219i c\u0103tre Flancul Estic, \u0219i aici m\u0103 refer \u00een primul r\u00e2nd la armata american\u0103, a putut fi men\u021binut\u0103 pacea. Dar ce ne facem acum, \u0219i aici dau dreptate ministrului francez (de Externe), c\u00e2nd Rusia a atacat Ucraina, are teritoriu \u0219i 10.000 de solda\u021bi nord-coreeni, are \u0219i drone de la iranieni, \u0219i suport logistic de oriunde vre\u021bi \u0219i SUA amenin\u021b\u0103 cu suspendarea oric\u0103rui ajutor pentru Ucraina?<\/p>\n<p>OK, dar s\u0103 ne dea pu\u021bin timp s\u0103-i ajut\u0103m. Noi suntem neputincio\u0219i, trebuie s\u0103 recunoa\u0219tem, din punct de vedere al capacit\u0103\u021bii de a sprijini corespunz\u0103tor Ucraina.<\/p>\n<p>\u0218i dac\u0103 vre\u021bi s\u0103 fiu foarte sincer, cred c\u0103 dac\u0103 se opre\u0219te ajutorul american pentru Ucraina, nu va mai putea fi vorba de un acord de pace, ci de capitulare. \u0218i asta c\u00e2nd vor vrea ru\u0219ii.<\/p>\n<p>Sigur, e o op\u021biune pe care dl pre\u0219edinte Trump o are, s\u0103 lase Ucraina s\u0103 capituleze, c\u0103 oric\u00e2t s-ar str\u00e2nge liderii UE nu au capacitatea s\u0103 sprijine cu tehnic\u0103 de lupt\u0103 Ucraina, a\u0219a \u00eenc\u00e2t aceasta s\u0103 poat\u0103 crea condi\u021biile unui acord de pace.<\/p>\n<p>F\u0103r\u0103 sprijinul SUA, va fi vorba de o capitulare. Dac\u0103 \u0103sta e obiectivul, se atinge. Problema e c\u0103 dup\u0103 \u00eenfr\u00e2ngerea Ucrainei urm\u0103m noi. Deci aici trebuie s\u0103 fim foarte clari.<\/p>\n<p>Eu \u00eei v\u0103d pe sprin\u021barii oameni politici rom\u00e2ni, care m\u0103 judecau c\u00e2nd \u00eenfiin\u021bam cu SUA baza de la Deveselu, de la Kog\u0103lniceanu, Cincu, Turda, cum spun acum \u201eavem scutul antirachet\u0103, ne ap\u0103r\u0103 americanii!\u201d. Nu v\u0103 ap\u0103r\u0103, b\u0103ie\u021bi! Trebuie s\u0103 \u0219ti\u021bi c\u0103 acest scut antirachet\u0103 se autodistruge dac\u0103 nevoile strategice ale SUA asta vor cere. Deci nu va pleca de acolo nicio rachet\u0103 dac\u0103 asta decide pre\u0219edintele SUA. Deci suntem \u00eentr-o situa\u021bie extrem de dificil\u0103, de risc\u201d, a mai spus Traian B\u0103sescu.<\/p>\n<p>\u00a0<\/p>\n<p>\u00a0<\/p>","protected":false},"excerpt":{"rendered":"<p>\u201eCred c\u0103 dl pre\u0219edinte Trump e pu\u021bin cam nervos. Deci ar trebui s\u0103 fie mai&hellip;<\/p>\n","protected":false},"author":0,"featured_media":36561,"comment_status":"open","ping_status":"open","sticky":false,"template":"","format":"standard","meta":{"footnotes":""},"categories":[3],"tags":[],"class_list":["post-36567","post","type-post","status-publish","format-standard","has-post-thumbnail","hentry","category-politica"],"_links":{"self":[{"href":"https:\/\/247stiri.ro\/index.php\/wp-json\/wp\/v2\/posts\/36567","targetHints":{"allow":["GET"]}}],"collection":[{"href":"https:\/\/247stiri.ro\/index.php\/wp-json\/wp\/v2\/posts"}],"about":[{"href":"https:\/\/247stiri.ro\/index.php\/wp-json\/wp\/v2\/types\/post"}],"replies":[{"embeddable":true,"href":"https:\/\/247stiri.ro\/index.php\/wp-json\/wp\/v2\/comments?post=36567"}],"version-history":[{"count":0,"href":"https:\/\/247stiri.ro\/index.php\/wp-json\/wp\/v2\/posts\/36567\/revisions"}],"wp:featuredmedia":[{"embeddable":true,"href":"https:\/\/247stiri.ro\/index.php\/wp-json\/wp\/v2\/media\/36561"}],"wp:attachment":[{"href":"https:\/\/247stiri.ro\/index.php\/wp-json\/wp\/v2\/media?parent=36567"}],"wp:term":[{"taxonomy":"category","embeddable":true,"href":"https:\/\/247stiri.ro\/index.php\/wp-json\/wp\/v2\/categories?post=36567"},{"taxonomy":"post_tag","embeddable":true,"href":"https:\/\/247stiri.ro\/index.php\/wp-json\/wp\/v2\/tags?post=36567"}],"curies":[{"name":"wp","href":"https:\/\/api.w.org\/{rel}","templated":true}]}}