{"id":36569,"date":"2025-03-04T08:44:53","date_gmt":"2025-03-04T08:44:53","guid":{"rendered":"https:\/\/247stiri.ro\/index.php\/2025\/03\/04\/tragedie-in-pitesti-o-femeie-de-45-de-ani-a-murit-dupa-ce-a-cazut-de-la-etajul-3-al-blocului-in-care-locuia\/"},"modified":"2025-03-04T08:44:53","modified_gmt":"2025-03-04T08:44:53","slug":"tragedie-in-pitesti-o-femeie-de-45-de-ani-a-murit-dupa-ce-a-cazut-de-la-etajul-3-al-blocului-in-care-locuia","status":"publish","type":"post","link":"https:\/\/247stiri.ro\/index.php\/2025\/03\/04\/tragedie-in-pitesti-o-femeie-de-45-de-ani-a-murit-dupa-ce-a-cazut-de-la-etajul-3-al-blocului-in-care-locuia\/","title":{"rendered":"Tragedie \u00een Pite\u0219ti: o femeie de 45 de ani a MURIT dup\u0103 ce a c\u0103zut de la etajul 3 al blocului \u00een care locuia"},"content":{"rendered":"<p>Cine era victima?<\/p>\n<p>Femeia, identificat\u0103 drept Lorena I., era o persoan\u0103 respectat\u0103 at\u00e2t \u00een mediul profesional, c\u00e2t \u0219i \u00een comunitate. Absolvent\u0103 a Academiei de Studii Economice din Bucure\u0219ti, din 2019 ocupa func\u021bia de HR manager \u00eentr-una dintre cele mai mari companii de IT din Pite\u0219ti. Cei care au cunoscut-o o descriu drept o persoan\u0103 cald\u0103, echilibrat\u0103 \u0219i mereu dispus\u0103 s\u0103 ofere ajutor.<\/p>\n<p><a href=\"https:\/\/www.realitatea.net\/stiri\/extern\/clipe-de-cosmar-in-cadrul-unei-nunti-un-cadavru-a-cazut-din-cer-chiar-in-fata-bisericii_670e2f515bfc5270816f97b6\" target=\"_blank\">Conform unor surse judiciare<\/a>, citate de argespress.ro, anchetatorii iau \u00een calcul varianta unui act suicidal. Apropia\u021bii afirm\u0103 c\u0103 femeia urma un tratament medical, iar \u00een momentul incidentului, so\u021bul ei se afla acas\u0103, \u00eens\u0103 nu ar fi observat vreun semn care s\u0103 indice inten\u021biile acesteia.<\/p>\n<p><a href=\"https:\/\/www.realitatea.net\/stiri\/actual\/cine-sunt-parintii-copilei-care-a-cazut-de-la-etajul-9-dupa-8-ore-agonie-fetita-a-decedat_66b9e2c67455473bb566a873\" target=\"_blank\">Cazul a fost preluat<\/a> de poli\u021bi\u0219tii Biroului de Investiga\u021bii Criminale Pite\u0219ti, iar cercet\u0103rile continu\u0103 sub coordonarea Parchetului de pe l\u00e2ng\u0103 Judec\u0103toria Pite\u0219ti, pentru a stabili toate circumstan\u021bele tragediei. Un dosar penal a fost deschis conform articolului 192 din Codul Penal.<\/p>","protected":false},"excerpt":{"rendered":"<p>Cine era victima? Femeia, identificat\u0103 drept Lorena I., era o persoan\u0103 respectat\u0103 at\u00e2t \u00een mediul&hellip;<\/p>\n","protected":false},"author":0,"featured_media":36570,"comment_status":"open","ping_status":"open","sticky":false,"template":"","format":"standard","meta":{"footnotes":""},"categories":[2],"tags":[],"class_list":["post-36569","post","type-post","status-publish","format-standard","has-post-thumbnail","hentry","category-actual"],"_links":{"self":[{"href":"https:\/\/247stiri.ro\/index.php\/wp-json\/wp\/v2\/posts\/36569","targetHints":{"allow":["GET"]}}],"collection":[{"href":"https:\/\/247stiri.ro\/index.php\/wp-json\/wp\/v2\/posts"}],"about":[{"href":"https:\/\/247stiri.ro\/index.php\/wp-json\/wp\/v2\/types\/post"}],"replies":[{"embeddable":true,"href":"https:\/\/247stiri.ro\/index.php\/wp-json\/wp\/v2\/comments?post=36569"}],"version-history":[{"count":0,"href":"https:\/\/247stiri.ro\/index.php\/wp-json\/wp\/v2\/posts\/36569\/revisions"}],"wp:featuredmedia":[{"embeddable":true,"href":"https:\/\/247stiri.ro\/index.php\/wp-json\/wp\/v2\/media\/36570"}],"wp:attachment":[{"href":"https:\/\/247stiri.ro\/index.php\/wp-json\/wp\/v2\/media?parent=36569"}],"wp:term":[{"taxonomy":"category","embeddable":true,"href":"https:\/\/247stiri.ro\/index.php\/wp-json\/wp\/v2\/categories?post=36569"},{"taxonomy":"post_tag","embeddable":true,"href":"https:\/\/247stiri.ro\/index.php\/wp-json\/wp\/v2\/tags?post=36569"}],"curies":[{"name":"wp","href":"https:\/\/api.w.org\/{rel}","templated":true}]}}