{"id":36579,"date":"2025-03-04T08:44:56","date_gmt":"2025-03-04T08:44:56","guid":{"rendered":"https:\/\/247stiri.ro\/index.php\/2025\/03\/04\/cand-si-cum-se-depune-cererea-de-pensionare-dupa-noua-lege-precizari-de-la-casa-de-pensii\/"},"modified":"2025-03-04T08:44:56","modified_gmt":"2025-03-04T08:44:56","slug":"cand-si-cum-se-depune-cererea-de-pensionare-dupa-noua-lege-precizari-de-la-casa-de-pensii","status":"publish","type":"post","link":"https:\/\/247stiri.ro\/index.php\/2025\/03\/04\/cand-si-cum-se-depune-cererea-de-pensionare-dupa-noua-lege-precizari-de-la-casa-de-pensii\/","title":{"rendered":"C\u00e2nd \u0219i cum se depune cererea de pensionare dup\u0103 noua lege. Preciz\u0103ri de la Casa de Pensii"},"content":{"rendered":"<p>\u00a0<\/p>\n<p>\u00cen conformitate cu prevederile art. 89 din Legea 360\/2023 privind sistemul public de pensii, pensia se acord\u0103 la cererea titularului dreptului sau reprezentantului legal al acestuia, depus\u0103 personal ori prin mandatar desemnat prin procur\u0103 special\u0103, afirm\u0103 reprezentan\u021bii Casei Jude\u021bene de Pensii Alba.<\/p>\n<p>Potrivit acestora, cererea de pensionare, \u00eempreun\u0103 cu actele prin care se dovede\u015fte \u00eendeplinirea condi\u0163iilor prev\u0103zute de prezenta lege, se depune, \u00een termen de 30 de zile de la data \u00eendeplinirii acestor condi\u0163ii, la casa teritorial\u0103 de pensii competent\u0103, \u00een a c\u0103rei raz\u0103 domiciliaz\u0103 titularul, scrie Ziarul Unirea.<\/p>\n<p>Obliga\u0163ia depunerii actelor revine \u00een exclusivitate titularului sau reprezentantului legal al acestuia.<\/p>\n<p>\u00cen aplicarea instrumentelor juridice interna\u0163ionale la care Rom\u00e2nia este parte, persoanele care au locul de \u015federe permanent\u0103 \u00een str\u0103in\u0103tate pot depune cererea prin care solicit\u0103 acordarea de drepturi de pensie din sistemul public de pensii, \u00eempreun\u0103 cu actele prin care se face dovada \u00eendeplinirii condi\u0163iilor prev\u0103zute de prezenta lege, la institu\u0163ia de asigur\u0103ri sociale competent\u0103 din statul de \u015federe permanent\u0103.<\/p>\n<p>Cererea de pensionare, depus\u0103 conform prevederilor legale, poate fi retras\u0103 la solicitarea titularului, a reprezentantului legal ori a mandatarului desemnat prin procur\u0103 special\u0103, p\u00e2n\u0103 la emiterea deciziei de pensionare.<\/p>\n<p>Cererea de pensionare actele prin care se dovede\u015fte \u00eendeplinirea condi\u0163iilor se depun la sediul Casei Jude\u021bene de Pensii Alba (nu prin intermediul Po\u0219tei), subliniaz\u0103 reprezentan\u021bii Casei Jude\u021bene de Pensii Alba.<\/p>","protected":false},"excerpt":{"rendered":"<p>\u00a0 \u00cen conformitate cu prevederile art. 89 din Legea 360\/2023 privind sistemul public de pensii,&hellip;<\/p>\n","protected":false},"author":0,"featured_media":36580,"comment_status":"open","ping_status":"open","sticky":false,"template":"","format":"standard","meta":{"footnotes":""},"categories":[2],"tags":[],"class_list":["post-36579","post","type-post","status-publish","format-standard","has-post-thumbnail","hentry","category-actual"],"_links":{"self":[{"href":"https:\/\/247stiri.ro\/index.php\/wp-json\/wp\/v2\/posts\/36579","targetHints":{"allow":["GET"]}}],"collection":[{"href":"https:\/\/247stiri.ro\/index.php\/wp-json\/wp\/v2\/posts"}],"about":[{"href":"https:\/\/247stiri.ro\/index.php\/wp-json\/wp\/v2\/types\/post"}],"replies":[{"embeddable":true,"href":"https:\/\/247stiri.ro\/index.php\/wp-json\/wp\/v2\/comments?post=36579"}],"version-history":[{"count":0,"href":"https:\/\/247stiri.ro\/index.php\/wp-json\/wp\/v2\/posts\/36579\/revisions"}],"wp:featuredmedia":[{"embeddable":true,"href":"https:\/\/247stiri.ro\/index.php\/wp-json\/wp\/v2\/media\/36580"}],"wp:attachment":[{"href":"https:\/\/247stiri.ro\/index.php\/wp-json\/wp\/v2\/media?parent=36579"}],"wp:term":[{"taxonomy":"category","embeddable":true,"href":"https:\/\/247stiri.ro\/index.php\/wp-json\/wp\/v2\/categories?post=36579"},{"taxonomy":"post_tag","embeddable":true,"href":"https:\/\/247stiri.ro\/index.php\/wp-json\/wp\/v2\/tags?post=36579"}],"curies":[{"name":"wp","href":"https:\/\/api.w.org\/{rel}","templated":true}]}}