{"id":36586,"date":"2025-03-04T09:45:14","date_gmt":"2025-03-04T09:45:14","guid":{"rendered":"https:\/\/247stiri.ro\/index.php\/2025\/03\/04\/accident-grav-intre-doua-autocare-pline-cu-turisti-peste-50-de-raniti-in-urma-impactului-printre-victime-se-numara-si-copii-video\/"},"modified":"2025-03-04T09:45:14","modified_gmt":"2025-03-04T09:45:14","slug":"accident-grav-intre-doua-autocare-pline-cu-turisti-peste-50-de-raniti-in-urma-impactului-printre-victime-se-numara-si-copii-video","status":"publish","type":"post","link":"https:\/\/247stiri.ro\/index.php\/2025\/03\/04\/accident-grav-intre-doua-autocare-pline-cu-turisti-peste-50-de-raniti-in-urma-impactului-printre-victime-se-numara-si-copii-video\/","title":{"rendered":"Accident grav \u00eentre dou\u0103 autocare pline cu turi\u0219ti: peste 50 de r\u0103ni\u021bi \u00een urma impactului. Printre victime se num\u0103r\u0103 \u0219i copii &#8211; VIDEO"},"content":{"rendered":"<p>Cauza accidentului: o manevr\u0103 e\u0219uat\u0103<\/p>\n<p><a href=\"https:\/\/www.realitatea.net\/stiri\/actual\/accident-grav-in-judetul-constanta-o-persoana-a-murit-si-alte-doua-au-fost-ranite-in-urma-impactului-dintre-o-masina-si-o-autoutilitara_67c5dd5a44334d48c76d3b56\" target=\"_blank\">Potrivit primelor informa\u021bii<\/a> furnizate de anchetatorii Guardia Urbana, \u0219oferul autocarului ar fi \u00eencercat s\u0103 evite un pieton care traversa strada Diagonal neregulamentar. Din p\u0103cate, manevra nu a reu\u0219it \u2013 pietonul a fost lovit, iar autocarul s-a izbit violent de cel\u0103lalt vehicul. Impactul a fost at\u00e2t de puternic \u00eenc\u00e2t autocarul sta\u021bionat a fost proiectat pe trotuar, lovind un copac \u0219i un st\u00e2lp de iluminat, care au fost distru\u0219i.<\/p>\n<p>Cel mai grav r\u0103nit este un b\u0103rbat de 60 de ani, pietonul implicat \u00een accident, care a suferit leziuni severe. De asemenea, un minor care se afla \u00een apropierea autocarului, precum \u0219i doi pasageri afla\u021bi \u00een interior, au fost grav r\u0103ni\u021bi. Restul victimelor au suferit contuzii, t\u0103ieturi \u0219i traumatisme minore.<\/p>\n<p>Serviciile de urgen\u021b\u0103 SEM au intervenit rapid, oferind \u00eengrijiri la fa\u021ba locului \u0219i transport\u00e2nd aproximativ 50 de persoane la spitale din Barcelona. Printre acestea, mai mul\u021bi minori au fost interna\u021bi la Spitalul Sant Joan de D\u00e9u, inclusiv copilul r\u0103nit grav.<\/p>\n<p>\ud83d\udd34 M\u00e1s de 30 heridos, 4 de ellos cr\u00edticos, en una colisi\u00f3n entre dos autocares en la avenida Diagonal de Barcelona.Este lunes, dos autocares han chocado en la avenida Diagonal de Barcelona en un accidente que ha dejado a 34 personas heridas, cuatro de ellas en estado cr\u00edtico,\u2026 <a href=\"https:\/\/t.co\/hWUv7FnJhq\">pic.twitter.com\/hWUv7FnJhq<\/a><\/p>\n<p>\u2014 Tribuna Digital7 (@TribunaLibreES) <a href=\"https:\/\/twitter.com\/TribunaLibreES\/status\/1896593182449631440?ref_src=twsrc%5Etfw\">March 3, 2025<\/a>Pasageri bloca\u021bi \u00een autocar\u00a0<\/p>\n<p>Unul dintre autocare apar\u021binea companiei Juli\u00e0 \u0219i transporta turi\u0219ti interna\u021bionali, inclusiv pasageri ai unei croaziere programate s\u0103 plece din portul Barcelona \u00een acea sear\u0103. Cel\u0103lalt vehicul, operat de compania Canals din Girona, avea la bord un grup de 50 de studen\u021bi italieni din Messina, afla\u021bi \u00eentr-o excursie ghidat\u0103 \u00een Barcelona. Ghidul grupului, care a fost r\u0103nit \u00een accident, a fost transportat la spital pentru \u00eengrijiri.<\/p>\n<p>15 studen\u021bi au fost transporta\u021bi asear\u0103 \u00eenapoi la hotel, \u00een timp ce restul au r\u0103mas sub observa\u021bie medical\u0103. Niciunul dintre ace\u0219tia nu a suferit r\u0103ni grave, cu excep\u021bia unei tinere cu traumatisme faciale, care va fi repatriat\u0103 \u00een Italia.<\/p>\n<p><a href=\"https:\/\/www.realitatea.net\/stiri\/actual\/imagini-socante-intrun-giratoiu-spre-autostrada-soarelui-un-camion-scapat-de-sub-control-si-a-lovit-totul-in-cale-video_67c5b38aeb7d5412b0230e0a\" target=\"_blank\">Accidentul a declan\u0219at<\/a> o mobilizare masiv\u0103 a serviciilor de urgen\u021b\u0103. Pompierii au intervenit pentru a elibera pasagerii bloca\u021bi \u00een autocar, iar personalul unei clinici stomatologice din apropiere a oferit \u00eengrijiri temporare r\u0103ni\u021bilor u\u0219or accidenta\u021bi, transform\u00e2nd unitatea \u00eentr-un centru medical improvizat p\u00e2n\u0103 la sosirea ambulan\u021belor.<\/p>\n<p>Primarul Barcelonei, Jaume Collboni, al\u0103turi de adjunctul s\u0103u pentru securitate, Albert Batlle, s-au deplasat la locul accidentului pentru a evalua situa\u021bia \u0219i a coordona interven\u021bia autorit\u0103\u021bilor. Ancheta este \u00een desf\u0103\u0219urare, iar poli\u021bia continu\u0103 s\u0103 analizeze circumstan\u021bele exacte ale coliziunii.<\/p>\n<p>\u00a0<\/p>\n<p>\u00a0<\/p>","protected":false},"excerpt":{"rendered":"<p>Cauza accidentului: o manevr\u0103 e\u0219uat\u0103 Potrivit primelor informa\u021bii furnizate de anchetatorii Guardia Urbana, \u0219oferul autocarului&hellip;<\/p>\n","protected":false},"author":0,"featured_media":36587,"comment_status":"open","ping_status":"open","sticky":false,"template":"","format":"standard","meta":{"footnotes":""},"categories":[4],"tags":[],"class_list":["post-36586","post","type-post","status-publish","format-standard","has-post-thumbnail","hentry","category-extern"],"_links":{"self":[{"href":"https:\/\/247stiri.ro\/index.php\/wp-json\/wp\/v2\/posts\/36586","targetHints":{"allow":["GET"]}}],"collection":[{"href":"https:\/\/247stiri.ro\/index.php\/wp-json\/wp\/v2\/posts"}],"about":[{"href":"https:\/\/247stiri.ro\/index.php\/wp-json\/wp\/v2\/types\/post"}],"replies":[{"embeddable":true,"href":"https:\/\/247stiri.ro\/index.php\/wp-json\/wp\/v2\/comments?post=36586"}],"version-history":[{"count":0,"href":"https:\/\/247stiri.ro\/index.php\/wp-json\/wp\/v2\/posts\/36586\/revisions"}],"wp:featuredmedia":[{"embeddable":true,"href":"https:\/\/247stiri.ro\/index.php\/wp-json\/wp\/v2\/media\/36587"}],"wp:attachment":[{"href":"https:\/\/247stiri.ro\/index.php\/wp-json\/wp\/v2\/media?parent=36586"}],"wp:term":[{"taxonomy":"category","embeddable":true,"href":"https:\/\/247stiri.ro\/index.php\/wp-json\/wp\/v2\/categories?post=36586"},{"taxonomy":"post_tag","embeddable":true,"href":"https:\/\/247stiri.ro\/index.php\/wp-json\/wp\/v2\/tags?post=36586"}],"curies":[{"name":"wp","href":"https:\/\/api.w.org\/{rel}","templated":true}]}}