{"id":36615,"date":"2025-03-04T10:46:26","date_gmt":"2025-03-04T10:46:26","guid":{"rendered":"https:\/\/247stiri.ro\/index.php\/2025\/03\/04\/avocatul-poporului-nu-va-sesiza-ccr-pe-tema-ordonantei-privind-alegerile-prezidentiale-asa-cum-au-solicitat-aur-si-usr\/"},"modified":"2025-03-04T10:46:26","modified_gmt":"2025-03-04T10:46:26","slug":"avocatul-poporului-nu-va-sesiza-ccr-pe-tema-ordonantei-privind-alegerile-prezidentiale-asa-cum-au-solicitat-aur-si-usr","status":"publish","type":"post","link":"https:\/\/247stiri.ro\/index.php\/2025\/03\/04\/avocatul-poporului-nu-va-sesiza-ccr-pe-tema-ordonantei-privind-alegerile-prezidentiale-asa-cum-au-solicitat-aur-si-usr\/","title":{"rendered":"Avocatul Poporului nu va sesiza CCR pe tema ordonan\u021bei privind alegerile preziden\u021biale, a\u0219a cum au solicitat AUR \u0219i USR"},"content":{"rendered":"<p>&#8222;Criteriul urgen\u0163ei reglement\u0103rii este (&#8230;) \u00eendeplinit, av\u00e2nd \u00een vedere c\u0103 alegerile pentru Pre\u015fedintele Rom\u00e2niei din anul 2025 trebuie s\u0103 se desf\u0103\u015foare \u00een aceea\u015fi zi cu alegerile locale par\u0163iale, \u00een data de 4 mai 2025. Astfel, constat\u0103m c\u0103 urgen\u0163a adopt\u0103rii este motivat\u0103 \u00een mod adecvat de Guvern \u00een cuprinsul ordonan\u0163ei de urgen\u0163\u0103 analizate, actul normativ \u00eendeplinind exigen\u0163a motiv\u0103rii urgen\u0163ei \u00een acord cu jurispruden\u0163a Cur\u0163ii Constitu\u0163ionale&#8221;, se arat\u0103 \u00een r\u0103spunsul institu\u021biei Avocatul Poporului.<\/p>\n<p>Ordonan\u0163a de urgen\u0163\u0103 a Guvernului nr. 1\/2025 urm\u0103re\u015fte, pe l\u00e2ng\u0103 reglementarea &#8222;unei situa\u0163ii excep\u0163ionale&#8221;, anume organizarea \u00een mod simultan a dou\u0103 tururi de scrutin \u015fi alte m\u0103suri legislative care sunt &#8222;imperioase&#8221; \u00een vederea asigur\u0103rii obiectivit\u0103\u0163ii, transparen\u0163ei, corectitudinii \u015fi integrit\u0103\u0163ii desf\u0103\u015fur\u0103rii procesului electoral.<\/p>\n<p>\u201eLibertatea aleg\u0103torilor de a-\u015fi exprima voin\u0163a politic\u0103 nu este \u00eenc\u0103lcat\u0103\u201d<\/p>\n<p>Referitor la modificarea intervalului orar pentru votare, Avocatul Poporului a punctat c\u0103 acesta reprezint\u0103 un element tehnic, adiacent sistemului electoral, care se afl\u0103 \u00een competen\u0163a decizional\u0103 a legiuitorului. Aleg\u0103torii \u00ee\u015fi pot exprima votul \u00een intervalul orar prev\u0103zut de lege, textele d\u00e2nd relevan\u0163\u0103 tocmai obliga\u0163iei statului de a garanta prin m\u0103suri legislative \u015fi organizatorice c\u0103 fiecare cet\u0103\u0163ean \u00ee\u015fi poate exprima dreptul, op\u0163iunea de vot. Prin urmare, libertatea aleg\u0103torilor de a-\u015fi exprima voin\u0163a politic\u0103 nu este \u00eenc\u0103lcat\u0103 prin textele criticate, prevede documentul Avocatului Poporului.<\/p>\n<p>&#8222;C\u00e2t prive\u015fte critica autorilor (peti\u0163iei n.r.) prin raportare la dispozi\u0163iile constitu\u0163ionale cuprinse \u00een art. 138 alin. (5) din Constitu\u0163ie, pe motiv c\u0103 nu este indicat\u0103 sursa de finan\u0163are, observ\u0103m c\u0103 potrivit art. 8 alin. (15) din actul normativ criticat, cheltuielile pentru efectuarea opera\u0163iunilor electorale se suport\u0103 de la bugetul de stat \u015fi\/sau de la bugetul local potrivit prevederilor Legii nr. 115\/2015, cu modific\u0103rile \u015fi complet\u0103rile ulterioare pentru alegerile pentru Pre\u015fedintele Rom\u00e2niei din anul 2025 \u015fi la alegerile locale par\u0163iale din anul 2025&#8221;, se mai arat\u0103 \u00een r\u0103spunsul Avocatului Poporului.<\/p>\n<p>Prin peti\u0163iile transmise Avocatului Poporului de partidele politice Uniunea Salva\u0163i Rom\u00e2nia, Alian\u0163a pentru Unirea Rom\u00e2nilor \u015fi Noua Rom\u00e2nie, precum \u015fi o serie de persoane fizice, se exprim\u0103 nemul\u0163umirea fa\u0163\u0103 de ordonan\u0163a privind unele m\u0103suri pentru organizarea \u015fi desf\u0103\u015furarea alegerilor pentru pre\u015fedintele Rom\u00e2niei \u015fi celor locale par\u0163iale de anul acesta, solicit\u00e2nd Avocatului Poporului s\u0103 sesizeze Curtea Constitu\u0163ional\u0103.<\/p>\n<p>\u00a0<\/p>","protected":false},"excerpt":{"rendered":"<p>&#8222;Criteriul urgen\u0163ei reglement\u0103rii este (&#8230;) \u00eendeplinit, av\u00e2nd \u00een vedere c\u0103 alegerile pentru Pre\u015fedintele Rom\u00e2niei din&hellip;<\/p>\n","protected":false},"author":0,"featured_media":36611,"comment_status":"open","ping_status":"open","sticky":false,"template":"","format":"standard","meta":{"footnotes":""},"categories":[2],"tags":[],"class_list":["post-36615","post","type-post","status-publish","format-standard","has-post-thumbnail","hentry","category-actual"],"_links":{"self":[{"href":"https:\/\/247stiri.ro\/index.php\/wp-json\/wp\/v2\/posts\/36615","targetHints":{"allow":["GET"]}}],"collection":[{"href":"https:\/\/247stiri.ro\/index.php\/wp-json\/wp\/v2\/posts"}],"about":[{"href":"https:\/\/247stiri.ro\/index.php\/wp-json\/wp\/v2\/types\/post"}],"replies":[{"embeddable":true,"href":"https:\/\/247stiri.ro\/index.php\/wp-json\/wp\/v2\/comments?post=36615"}],"version-history":[{"count":0,"href":"https:\/\/247stiri.ro\/index.php\/wp-json\/wp\/v2\/posts\/36615\/revisions"}],"wp:featuredmedia":[{"embeddable":true,"href":"https:\/\/247stiri.ro\/index.php\/wp-json\/wp\/v2\/media\/36611"}],"wp:attachment":[{"href":"https:\/\/247stiri.ro\/index.php\/wp-json\/wp\/v2\/media?parent=36615"}],"wp:term":[{"taxonomy":"category","embeddable":true,"href":"https:\/\/247stiri.ro\/index.php\/wp-json\/wp\/v2\/categories?post=36615"},{"taxonomy":"post_tag","embeddable":true,"href":"https:\/\/247stiri.ro\/index.php\/wp-json\/wp\/v2\/tags?post=36615"}],"curies":[{"name":"wp","href":"https:\/\/api.w.org\/{rel}","templated":true}]}}