{"id":36616,"date":"2025-03-04T10:46:27","date_gmt":"2025-03-04T10:46:27","guid":{"rendered":"https:\/\/247stiri.ro\/index.php\/2025\/03\/04\/o-cladire-iconica-a-patrimoniului-cultural-romanesc-ctitorita-pe-vremea-lui-alexandru-ioan-cuza-a-fost-mistuita-de-flacari\/"},"modified":"2025-03-04T10:46:27","modified_gmt":"2025-03-04T10:46:27","slug":"o-cladire-iconica-a-patrimoniului-cultural-romanesc-ctitorita-pe-vremea-lui-alexandru-ioan-cuza-a-fost-mistuita-de-flacari","status":"publish","type":"post","link":"https:\/\/247stiri.ro\/index.php\/2025\/03\/04\/o-cladire-iconica-a-patrimoniului-cultural-romanesc-ctitorita-pe-vremea-lui-alexandru-ioan-cuza-a-fost-mistuita-de-flacari\/","title":{"rendered":"O cl\u0103dire iconic\u0103 a patrimoniului cultural rom\u00e2nesc, ctitorit\u0103 pe vremea lui Alexandru Ioan Cuza, a fost mistuit\u0103 de fl\u0103c\u0103ri"},"content":{"rendered":"<p>Incendiul a fost anun\u021bat luni, 3 martie, la ora 23:42, iar Deta\u0219amentul 2 de pompieri Br\u0103ila \u0219i Garda de interven\u021bie \u00censur\u0103\u021bei, \u00een cooperare cu Serviciul Voluntar pentru Situa\u021bii de Urgen\u021b\u0103 Viziru au intervenit cu trei autospeciale de stingere, o ambulan\u021b\u0103 SMURD \u0219i o cistern\u0103 10 tone de ap\u0103 pentru limitarea \u0219i lichidarea unui incendiului, a transmis ISU Br\u0103ila.<\/p>\n<p>&#8222;Din informa\u021biile transmise de apelant, incendiul se manifesta \u00een zona dezafectat\u0103 a unei cl\u0103diri P + 1, cunoscut\u0103 ca fiind Conacul Con\u021bilor de Roma din localitatea Viziru. Au ars zona cl\u0103dirii \u00een care erau diverse materiale cu o suprafa\u021b\u0103 de cca. 200 mp cu bunurile din interior \u0219i acoperi\u0219ul pe o suprafa\u021b\u0103 de cca. 300 mp. S-a reu\u0219it protejarea p\u0103r\u021bii de cl\u0103dire \u00een care func\u021bioneaz\u0103 Centrul local Viziru al Agen\u021biei de Pl\u0103\u021bi \u0219i Interven\u021bie pentru Agricultur\u0103 Br\u0103ila. Cauza probabil\u0103 care a dus la producerea incendiului a fost stabilit\u0103 ca fiind jar sau sc\u00e2ntei provocate de persoane neidentificate\u201d, a transmis purt\u0103torul de cuv\u00e2nt al Inspectoratului pentru Situa\u021bii de Urgen\u021b\u0103 (ISU) Br\u0103ila, col. \u0218tefan Stoian.<\/p>\n\n<p><a title=\"Zi cruciala in dosarul Colectiv. ICCJ, asteptata sa se pronunte pe deciziile lui Arafat si ale ministrului Nicolae Banicioiu. Mutarea care ar putea clasa cazul\" href=\"https:\/\/www.realitatea.net\/stiri\/actual\/zi-cruciala-in-dosarul-colectiv-iccj-asteptata-sa-se-pronunte-pe-deciziile-lui-arafat-si-ale-ministrului-nicolae-banicioiu-mutarea-care-ar-putea-clasa-cazul_67c6cb602f47d953c2644b55\">Zi crucial\u0103 \u00een dosarul Colectiv. \u00ceCCJ, a\u0219teptat\u0103 s\u0103 se pronun\u021be pe deciziile lui Arafat \u0219i ale ministrului Nicolae B\u0103nicioiu. Mutarea care ar putea clasa cazul<\/a>Potrivit salvatorilor, incendiul a fost observat t\u00e2rziu de c\u0103tre cet\u0103\u021benii din localitate care au anun\u021bat evenimentul prin apelul unic de urgen\u021b\u0103 112.\u00cen urma incendiului nu s-au \u00eenregistrat victime.&#8221;Incendiul a fost lichidat mar\u021bi, la ora 2:20, iar o ASAS a r\u0103mas \u00een zon\u0103 pentru supraveghere \u0219i \u00eendep\u0103rtarea efectelor negative ale incendiului&#8221;, a precizat col. \u0218tefan Stoian.<\/p>\n<p>Ridicat \u00een 1860, imediat dup\u0103 c\u0103s\u0103toria Contelui Petru de Roma cu prin\u021besa Sofia, fiica domnitorului Alexandru Ipsilanti, conacul familiei Contelui Petru I de Roma, cunoscut ca Palatul Con\u021bilor de Roma de la Viziru, aminte\u0219te de nume care au f\u0103cut istorie: Conachi, Vogoride, Ipsilanti.Cl\u0103direa, construit\u0103 sub forma unui conac cu dou\u0103 etaje, creneluri \u0219i turnuri de veghe, i-a g\u0103zduit, c\u00e2ndva, pe Alexandru Ioan Cuza, Vasile Alecsandri, Mihail Kog\u0103lniceanu \u0219i Costache Negri.<\/p>\n<p>Amplasat la 35 kilometri de municipiul Br\u0103ila, starea conacului s-a degradat \u00een ultimele decenii. Palatul Con\u021bilor de Roma de la Viziru a fost clasat \u00een Lista monumentelor istorice, categoria II, grupa valoric\u0103 B, \u00een iunie 2017, prin ordinul Ministerului Culturii \u0219i Identit\u0103\u021bii Na\u021bionale.<\/p>\n<p><a title=\"Trafic blocat pe autostrada A1. Un TIR a luat foc in apropiere de localitatea Margina din judetul Timis\" href=\"https:\/\/www.realitatea.net\/stiri\/actual\/trafic-blocat-pe-autostrada-a1-un-tir-a-luat-foc-in-apropiere-de-localitatea-margina-din-judetul-timis_67c602e9ac89a719ff1cb932\">Trafic blocat pe autostrada A1. Un TIR a luat foc \u00een apropiere de localitatea Margina din jude\u0163ul Timi\u015f<\/a><\/p>","protected":false},"excerpt":{"rendered":"<p>Incendiul a fost anun\u021bat luni, 3 martie, la ora 23:42, iar Deta\u0219amentul 2 de pompieri&hellip;<\/p>\n","protected":false},"author":0,"featured_media":36617,"comment_status":"open","ping_status":"open","sticky":false,"template":"","format":"standard","meta":{"footnotes":""},"categories":[2],"tags":[],"class_list":["post-36616","post","type-post","status-publish","format-standard","has-post-thumbnail","hentry","category-actual"],"_links":{"self":[{"href":"https:\/\/247stiri.ro\/index.php\/wp-json\/wp\/v2\/posts\/36616","targetHints":{"allow":["GET"]}}],"collection":[{"href":"https:\/\/247stiri.ro\/index.php\/wp-json\/wp\/v2\/posts"}],"about":[{"href":"https:\/\/247stiri.ro\/index.php\/wp-json\/wp\/v2\/types\/post"}],"replies":[{"embeddable":true,"href":"https:\/\/247stiri.ro\/index.php\/wp-json\/wp\/v2\/comments?post=36616"}],"version-history":[{"count":0,"href":"https:\/\/247stiri.ro\/index.php\/wp-json\/wp\/v2\/posts\/36616\/revisions"}],"wp:featuredmedia":[{"embeddable":true,"href":"https:\/\/247stiri.ro\/index.php\/wp-json\/wp\/v2\/media\/36617"}],"wp:attachment":[{"href":"https:\/\/247stiri.ro\/index.php\/wp-json\/wp\/v2\/media?parent=36616"}],"wp:term":[{"taxonomy":"category","embeddable":true,"href":"https:\/\/247stiri.ro\/index.php\/wp-json\/wp\/v2\/categories?post=36616"},{"taxonomy":"post_tag","embeddable":true,"href":"https:\/\/247stiri.ro\/index.php\/wp-json\/wp\/v2\/tags?post=36616"}],"curies":[{"name":"wp","href":"https:\/\/api.w.org\/{rel}","templated":true}]}}