{"id":36619,"date":"2025-03-04T10:46:28","date_gmt":"2025-03-04T10:46:28","guid":{"rendered":"https:\/\/247stiri.ro\/index.php\/2025\/03\/04\/zi-cruciala-in-dosarul-colectiv-iccj-asteptata-sa-se-pronunte-pe-deciziile-lui-arafat-si-ale-ministrului-nicolae-banicioiu-mutarea-care-ar-putea-clasa-cazul\/"},"modified":"2025-03-04T10:46:28","modified_gmt":"2025-03-04T10:46:28","slug":"zi-cruciala-in-dosarul-colectiv-iccj-asteptata-sa-se-pronunte-pe-deciziile-lui-arafat-si-ale-ministrului-nicolae-banicioiu-mutarea-care-ar-putea-clasa-cazul","status":"publish","type":"post","link":"https:\/\/247stiri.ro\/index.php\/2025\/03\/04\/zi-cruciala-in-dosarul-colectiv-iccj-asteptata-sa-se-pronunte-pe-deciziile-lui-arafat-si-ale-ministrului-nicolae-banicioiu-mutarea-care-ar-putea-clasa-cazul\/","title":{"rendered":"Zi crucial\u0103 \u00een dosarul Colectiv. \u00ceCCJ, a\u0219teptat\u0103 s\u0103 se pronun\u021be pe deciziile lui Arafat \u0219i ale ministrului Nicolae B\u0103nicioiu. Mutarea care ar putea clasa cazul"},"content":{"rendered":"<p>\u00a0\u00cenalta Curte de Casa\u021bie \u0219i Justi\u021bie (\u00ceCCJ) urmeaz\u0103 s\u0103 se pronun\u021be mar\u021bi, 4 martie, \u00een leg\u0103tur\u0103 cu contesta\u021biile depuse de apar\u021bin\u0103tori \u0219i victimele incendiului din Colectiv. Dosarul vizeaz\u0103 analiza condi\u021biilor \u00een care s-au desf\u0103\u0219urat procedurile institu\u021bionale \u0219i medicale, inclusiv aspectele referitoare la transferul r\u0103ni\u021bilor \u0219i impactul infec\u021biilor nosocomiale asupra acestora \u00een spitalele din Rom\u00e2nia.<\/p>\n<p>\u00cen incendiul din 30 octombrie 2015, 65 de persoane \u0219i-au pierdut via\u021ba, majoritatea dintre ele \u00een spitale, din cauza infec\u021biilor nosocomiale. Rudele victimelor au reclamat c\u0103 transferul acestora \u00een str\u0103in\u0103tate nu a fost realizat la timp.\u00a0<\/p>\n<p>Acest dosar a fost \u00eenchis de procurori pe 4 iunie 2024, iar la acea vreme, Nicolae B\u0103nicioiu, fost ministru al S\u0103n\u0103t\u0103\u021bii, \u00eempreun\u0103 cu managerii de spital \u0219i Raed Arafat, \u0219eful DSU, au fost exonera\u021bi de r\u0103spunderea penal\u0103.<\/p>\n<p>Concret, Raed Arafat \u0219i Nicolae B\u0103nicioiu sunt acuza\u021bi c\u0103 au \u00eent\u00e2rziat transferul r\u0103ni\u021bilor din incendiul de la Colectiv \u00een str\u0103in\u0103tate, afirm\u00e2nd c\u0103 \u201eavem de toate\u201d pentru a-i trata, \u00een ciuda faptului c\u0103 Rom\u00e2nia nu dispunea de condi\u021biile necesare pentru a \u00eengriji astfel de pacien\u021bi. Aceast\u0103 \u00eent\u00e2rziere \u00een transferul lor \u00een afar\u0103 a fost fatal\u0103 pentru mul\u021bi dintre ei.<\/p>\n<p><a title='Ministrul Sanatatii il ataca pe Arafat pe tema serviciului de ambulanta. \"Il apreciez, dar fragilizeaza sistemul\"' href=\"https:\/\/www.realitatea.net\/stiri\/actual\/ministrul-sanatatii-il-ataca-pe-arafat-pe-tema-serviciului-de-ambulanta-il-apreciez-dar-fragilizeaza-sistemul_6735de213acf632325124db6\">Ministrul S\u0103n\u0103t\u0103\u021bii \u00eel atac\u0103 pe Arafat pe tema serviciului de ambulan\u021b\u0103. \u201d\u00cel apreciez, dar fragilizeaz\u0103 sistemul\u201d<\/a><\/p>\n<p>Un num\u0103r considerabil de victime \u0219i de apar\u021bin\u0103tori au contestat decizia de clasare, iar contesta\u021biile au fost consolidate \u00eentr-un singur dosar la \u00cenalta Curte de Casa\u021bie \u0219i Justi\u021bie. Acest dosar include \u0219ase peti\u021bionari: Marvin Nicodemus, Mihaela \u0218tefan, Cariolan \u0218tefan, Andrei Florian \u0218tefan, Ruxandra Geamba\u0219u \u0219i Irina Chelba. Ac\u021biunea legal\u0103 este \u00eendreptat\u0103 \u00eempotriva lui Nicolae B\u0103nicioiu \u0219i Raed Arafat.<\/p>\n<p>\u201eA\u0219tept\u0103m s\u0103 vedem dac\u0103 vom avea o solu\u021bie. Este cea final\u0103. \u00cen cazul \u00een care contesta\u021bia \u00eempotriva solu\u021biei de clasare va fi respins\u0103, dosarul penal va fi \u00eenchis\u201d, a declarat pentru HotNews.ro unul dintre avoca\u021bii peten\u021bilor.<\/p>\n<p>Ei au men\u021bionat c\u0103, \u00een cazul \u00een care decizia va fi de a respinge contesta\u021biile, vor analiza dac\u0103 exist\u0103 \u0219anse pentru a face pl\u00e2ngere la Curtea European\u0103 pentru Drepturile Omului (CEDO).<\/p>\n<p><a title=\"Batranii dintr-un azil, evacuati in toiul noptii din cauza unei eoliene defecte care s-a prabusit peste cladire\" href=\"https:\/\/www.realitatea.net\/stiri\/actual\/batranii-dintrun-azil-evacuati-in-toiul-noptii-din-cauza-unei-eoliene-defecte-care-sa-prabusit-peste-cladire_676d197cad2a8e76a933af22\">B\u0103tr\u00e2nii dintr-un azil, evacua\u021bi \u00een toiul nop\u021bii din cauza unei eoliene defecte care s-a pr\u0103bu\u0219it peste cl\u0103dire<\/a><\/p>","protected":false},"excerpt":{"rendered":"<p>\u00a0\u00cenalta Curte de Casa\u021bie \u0219i Justi\u021bie (\u00ceCCJ) urmeaz\u0103 s\u0103 se pronun\u021be mar\u021bi, 4 martie, \u00een&hellip;<\/p>\n","protected":false},"author":0,"featured_media":36620,"comment_status":"open","ping_status":"open","sticky":false,"template":"","format":"standard","meta":{"footnotes":""},"categories":[2],"tags":[],"class_list":["post-36619","post","type-post","status-publish","format-standard","has-post-thumbnail","hentry","category-actual"],"_links":{"self":[{"href":"https:\/\/247stiri.ro\/index.php\/wp-json\/wp\/v2\/posts\/36619","targetHints":{"allow":["GET"]}}],"collection":[{"href":"https:\/\/247stiri.ro\/index.php\/wp-json\/wp\/v2\/posts"}],"about":[{"href":"https:\/\/247stiri.ro\/index.php\/wp-json\/wp\/v2\/types\/post"}],"replies":[{"embeddable":true,"href":"https:\/\/247stiri.ro\/index.php\/wp-json\/wp\/v2\/comments?post=36619"}],"version-history":[{"count":0,"href":"https:\/\/247stiri.ro\/index.php\/wp-json\/wp\/v2\/posts\/36619\/revisions"}],"wp:featuredmedia":[{"embeddable":true,"href":"https:\/\/247stiri.ro\/index.php\/wp-json\/wp\/v2\/media\/36620"}],"wp:attachment":[{"href":"https:\/\/247stiri.ro\/index.php\/wp-json\/wp\/v2\/media?parent=36619"}],"wp:term":[{"taxonomy":"category","embeddable":true,"href":"https:\/\/247stiri.ro\/index.php\/wp-json\/wp\/v2\/categories?post=36619"},{"taxonomy":"post_tag","embeddable":true,"href":"https:\/\/247stiri.ro\/index.php\/wp-json\/wp\/v2\/tags?post=36619"}],"curies":[{"name":"wp","href":"https:\/\/api.w.org\/{rel}","templated":true}]}}