{"id":36630,"date":"2025-03-04T11:44:58","date_gmt":"2025-03-04T11:44:58","guid":{"rendered":"https:\/\/247stiri.ro\/index.php\/2025\/03\/04\/ursula-von-der-leyen-propune-mobilizarea-de-800-de-miliarde-de-euro-pentru-aparare-suntem-intr-o-era-a-reinarmarii\/"},"modified":"2025-03-04T11:44:58","modified_gmt":"2025-03-04T11:44:58","slug":"ursula-von-der-leyen-propune-mobilizarea-de-800-de-miliarde-de-euro-pentru-aparare-suntem-intr-o-era-a-reinarmarii","status":"publish","type":"post","link":"https:\/\/247stiri.ro\/index.php\/2025\/03\/04\/ursula-von-der-leyen-propune-mobilizarea-de-800-de-miliarde-de-euro-pentru-aparare-suntem-intr-o-era-a-reinarmarii\/","title":{"rendered":"Ursula von der Leyen propune mobilizarea de 800 de miliarde de euro pentru ap\u0103rare: \u201dSuntem \u00eentr-o er\u0103 a re\u00eenarm\u0103rii\u201d"},"content":{"rendered":"<p>\u201dTr\u0103im vremuri dintre cele mai importante \u0219i periculoase\u201d, le-a declarat Von der Leyen jurnali\u0219tilor de la Bruxelles.Presiunea asupra UE pentru a cre\u0219te semnificativ cheltuielile de ap\u0103rare \u0219i ajutorul acordat Ucrainei s-a intensificat dup\u0103 ce administra\u021bia pre\u0219edintelui american Donald Trump a anun\u021bat luni c\u0103 va suspenda temporar ajutorul militar destinat Ucrainei.\u201dAcesta este momentul Europei \u0219i trebuie s\u0103 fim la \u00een\u0103l\u021bimea lui\u201d, a afirmat pre\u0219edinta CE.<\/p>\n<p><a title=\"Europa isi decide soarta. Planul surpriza al Frantei si Angliei de a salva Ucraina\" href=\"https:\/\/www.realitatea.net\/stiri\/politica\/europa-isi-decide-soarta-planul-surpriza-a-frantei-si-angliei-de-a-salva-ucraina_67c48fd9063522390238cad2\">Europa \u00ee\u0219i decide soarta. Planul surpriz\u0103 al Fran\u021bei \u0219i Angliei de a salva Ucraina<\/a>Banii urmeaz\u0103 s\u0103 fie cheltui\u021bi pentru sprijinirea Ucrainei \u0219i pentru a &#8222;asuma mai mult\u0103 responsabilitate pentru propria noastr\u0103 securitate european\u0103&#8221;, a mai spus von der Leyen, citat\u0103 de Agerpres.\u201dSuntem \u00eentr-o er\u0103 a re\u00eenarm\u0103rii, iar Europa este preg\u0103tit\u0103 s\u0103 \u00ee\u0219i sporeasc\u0103 masiv cheltuielile pentru ap\u0103rare\u201d, a mai declarat pre\u0219edinta executivului european.CE urmeaz\u0103 s\u0103 acorde \u00eemprumuturi \u00een valoare de 150 de miliarde de euro pentru a fi utilizate pentru ap\u0103rarea aerian\u0103 \u0219i antirachet\u0103, sisteme de artilerie, rachete \u0219i muni\u021bie, drone \u0219i sisteme anti-drone, precum \u0219i pentru a r\u0103spunde altor nevoi, de la securitatea cibernetic\u0103 la mobilitatea militar\u0103, a spus Von der Leyen.\u201dCu acest echipament, statele membre \u00ee\u0219i pot spori masiv sprijinul pentru Ucraina\u201d, a mai afirmat ea.Von der Leyen sper\u0103 c\u0103, \u00eempreun\u0103 cu capitalul privat \u0219i finan\u021barea suplimentar\u0103 pentru Banca European\u0103 de Investi\u021bii, propunerea sa ar putea mobiliza aproape 800 de miliarde de euro pentru ap\u0103rare.Noul fond face parte dintr-o propunere prezentat\u0103 de Ursula von der Leyen statelor membre \u00eenaintea summitul special al liderilor UE, care va avea loc joi la Bruxelles.\u00cen planul s\u0103u de re\u00eenarmare a UE, pre\u0219edinta CE a propus, de asemenea, s\u0103 acorde statelor membre mai mult\u0103 marj\u0103 de libertate \u00een respectarea regulilor, de obicei stricte, ale UE privind datoria \u0219i deficitul \u00een privin\u021ba cheltuielilor destinate ap\u0103r\u0103rii, precum \u0219i posibilitatea realoc\u0103rii fondurilor de dezvoltare regional\u0103 disponibile pentru investi\u021bii militare.<\/p>\n<p><a href=\"https:\/\/www.realitatea.net\/stiri\/extern\/summitul-de-la-londra-al-liderilor-europeni-sa-incheiat-mesajul-ursulei-von-der-leyen-trebuie-sa-reinarmam-europa-urgent_67c49a1a4c0f6d3453035d03\" target=\"_blank\">Summitul de la Londra al liderilor europeni s-a \u00eencheiat. Ursula von der Leyen: &#8222;Trebuie s\u0103 re\u00eenarm\u0103m Europa urgent&#8221;. Ce MESAJ a transmis \u0219eful NATO<\/a><\/p>","protected":false},"excerpt":{"rendered":"<p>\u201dTr\u0103im vremuri dintre cele mai importante \u0219i periculoase\u201d, le-a declarat Von der Leyen jurnali\u0219tilor de&hellip;<\/p>\n","protected":false},"author":0,"featured_media":36626,"comment_status":"open","ping_status":"open","sticky":false,"template":"","format":"standard","meta":{"footnotes":""},"categories":[2],"tags":[],"class_list":["post-36630","post","type-post","status-publish","format-standard","has-post-thumbnail","hentry","category-actual"],"_links":{"self":[{"href":"https:\/\/247stiri.ro\/index.php\/wp-json\/wp\/v2\/posts\/36630","targetHints":{"allow":["GET"]}}],"collection":[{"href":"https:\/\/247stiri.ro\/index.php\/wp-json\/wp\/v2\/posts"}],"about":[{"href":"https:\/\/247stiri.ro\/index.php\/wp-json\/wp\/v2\/types\/post"}],"replies":[{"embeddable":true,"href":"https:\/\/247stiri.ro\/index.php\/wp-json\/wp\/v2\/comments?post=36630"}],"version-history":[{"count":0,"href":"https:\/\/247stiri.ro\/index.php\/wp-json\/wp\/v2\/posts\/36630\/revisions"}],"wp:featuredmedia":[{"embeddable":true,"href":"https:\/\/247stiri.ro\/index.php\/wp-json\/wp\/v2\/media\/36626"}],"wp:attachment":[{"href":"https:\/\/247stiri.ro\/index.php\/wp-json\/wp\/v2\/media?parent=36630"}],"wp:term":[{"taxonomy":"category","embeddable":true,"href":"https:\/\/247stiri.ro\/index.php\/wp-json\/wp\/v2\/categories?post=36630"},{"taxonomy":"post_tag","embeddable":true,"href":"https:\/\/247stiri.ro\/index.php\/wp-json\/wp\/v2\/tags?post=36630"}],"curies":[{"name":"wp","href":"https:\/\/api.w.org\/{rel}","templated":true}]}}