{"id":36651,"date":"2025-03-04T12:47:54","date_gmt":"2025-03-04T12:47:54","guid":{"rendered":"https:\/\/247stiri.ro\/index.php\/2025\/03\/04\/incident-alarmant-la-o-scoala-un-individ-a-incercat-sa-rapeasca-mai-multi-copii\/"},"modified":"2025-03-04T12:47:54","modified_gmt":"2025-03-04T12:47:54","slug":"incident-alarmant-la-o-scoala-un-individ-a-incercat-sa-rapeasca-mai-multi-copii","status":"publish","type":"post","link":"https:\/\/247stiri.ro\/index.php\/2025\/03\/04\/incident-alarmant-la-o-scoala-un-individ-a-incercat-sa-rapeasca-mai-multi-copii\/","title":{"rendered":"Incident alarmant la o \u0219coal\u0103: un individ a \u00eencercat s\u0103 r\u0103peasc\u0103 mai mul\u021bi copii"},"content":{"rendered":"<p>Primul s\u0103u obiectiv a fost o feti\u021b\u0103 de 10 ani, aflat\u0103 \u00eempreun\u0103 cu sora ei geam\u0103n\u0103 \u0219i mama lor, dar tentativa sa a fost dejucat\u0103 de p\u0103rin\u021bii afla\u021bi \u00een zon\u0103. Ulterior, individul a \u00eencercat s\u0103 abordeze al\u021bi copii, provoc\u00e2nd panic\u0103 printre cei prezen\u021bi.<\/p>\n<p>Care a fost scopul b\u0103rbatului de 50 de ani<\/p>\n<p><a href=\"https:\/\/www.realitatea.net\/stiri\/extern\/o-copila-de-sase-ani-a-disparut-intrun-mod-misterios-mama-este-acuzata-de-rapire_67c5c4300af3b330a410fa22\" target=\"_blank\">Incidentul a avut loc<\/a> \u00eentr-un moment de aglomera\u021bie, c\u00e2nd p\u0103rin\u021bii \u00ee\u0219i \u00eenso\u021beau copiii la cursuri. Martorii au relatat c\u0103 b\u0103rbatul repeta obsesiv fraza: &#8222;Vreau un copil&#8221;, ceea ce a atras imediat aten\u021bia p\u0103rin\u021bilor din apropiere. Ace\u0219tia au reac\u021bionat prompt, intervenind pentru a-l opri pe agresor, care, speriat, a \u00eencercat s\u0103 se ascund\u0103 \u00een interiorul \u0219colii.<\/p>\n<p>La scurt timp, for\u021bele de ordine au sosit la fa\u021ba locului \u0219i l-au imobilizat pe individ, care a fost arestat. Conform autorit\u0103\u021bilor, b\u0103rbatul era deja cunoscut poli\u021biei, av\u00e2nd antecedente pentru infrac\u021biuni legate de jafuri. De asemenea, locuitorii din zon\u0103 au confirmat c\u0103 acesta manifesta adesea un comportament bizar, mai ales fa\u021b\u0103 de familiile cu copii.<\/p>\n<p>\u00cen prezent, <a href=\"https:\/\/www.realitatea.net\/stiri\/actual\/alerta-in-mures-politistii-cauta-un-barbat-suspectat-de-rapirea-unei-fete-de-23-ani-si-incendierea-casei-tinerei_67bf2d0c6efa4d4ba443e672\" target=\"_blank\">ancheta este \u00een desf\u0103\u0219urare<\/a> pentru a stabili motiva\u021bia exact\u0103 a ac\u021biunilor sale \u0219i pentru a verifica dac\u0103 a mai fost implicat \u00een incidente similare. P\u0103rin\u021bii \u0219i cadrele didactice r\u0103m\u00e2n \u00een alert\u0103, cer\u00e2nd m\u0103suri sporite de securitate \u00een jurul institu\u021biei de \u00eenv\u0103\u021b\u0103m\u00e2nt pentru a preveni astfel de situa\u021bii pe viitor.<\/p>","protected":false},"excerpt":{"rendered":"<p>Primul s\u0103u obiectiv a fost o feti\u021b\u0103 de 10 ani, aflat\u0103 \u00eempreun\u0103 cu sora ei&hellip;<\/p>\n","protected":false},"author":0,"featured_media":36652,"comment_status":"open","ping_status":"open","sticky":false,"template":"","format":"standard","meta":{"footnotes":""},"categories":[4],"tags":[],"class_list":["post-36651","post","type-post","status-publish","format-standard","has-post-thumbnail","hentry","category-extern"],"_links":{"self":[{"href":"https:\/\/247stiri.ro\/index.php\/wp-json\/wp\/v2\/posts\/36651","targetHints":{"allow":["GET"]}}],"collection":[{"href":"https:\/\/247stiri.ro\/index.php\/wp-json\/wp\/v2\/posts"}],"about":[{"href":"https:\/\/247stiri.ro\/index.php\/wp-json\/wp\/v2\/types\/post"}],"replies":[{"embeddable":true,"href":"https:\/\/247stiri.ro\/index.php\/wp-json\/wp\/v2\/comments?post=36651"}],"version-history":[{"count":0,"href":"https:\/\/247stiri.ro\/index.php\/wp-json\/wp\/v2\/posts\/36651\/revisions"}],"wp:featuredmedia":[{"embeddable":true,"href":"https:\/\/247stiri.ro\/index.php\/wp-json\/wp\/v2\/media\/36652"}],"wp:attachment":[{"href":"https:\/\/247stiri.ro\/index.php\/wp-json\/wp\/v2\/media?parent=36651"}],"wp:term":[{"taxonomy":"category","embeddable":true,"href":"https:\/\/247stiri.ro\/index.php\/wp-json\/wp\/v2\/categories?post=36651"},{"taxonomy":"post_tag","embeddable":true,"href":"https:\/\/247stiri.ro\/index.php\/wp-json\/wp\/v2\/tags?post=36651"}],"curies":[{"name":"wp","href":"https:\/\/api.w.org\/{rel}","templated":true}]}}