{"id":36655,"date":"2025-03-04T12:47:56","date_gmt":"2025-03-04T12:47:56","guid":{"rendered":"https:\/\/247stiri.ro\/index.php\/2025\/03\/04\/marcel-ciolacu-prima-reactie-dupa-ce-sua-au-suspendat-ajutorul-miliar-pentru-ucraina\/"},"modified":"2025-03-04T12:47:56","modified_gmt":"2025-03-04T12:47:56","slug":"marcel-ciolacu-prima-reactie-dupa-ce-sua-au-suspendat-ajutorul-miliar-pentru-ucraina","status":"publish","type":"post","link":"https:\/\/247stiri.ro\/index.php\/2025\/03\/04\/marcel-ciolacu-prima-reactie-dupa-ce-sua-au-suspendat-ajutorul-miliar-pentru-ucraina\/","title":{"rendered":"Marcel Ciolacu, prima reac\u021bie dup\u0103 ce SUA au suspendat ajutorul miliar pentru Ucraina"},"content":{"rendered":"<p>\u201dEuropa trebuie s\u0103 fie preg\u0103tit\u0103 s\u0103 \u00ee\u0219i men\u021bin\u0103 securitatea \u0219i ap\u0103rarea, a\u0219a cum reiese din declara\u021bia de ast\u0103zi a pre\u0219edintelui Comisiei Europene, Ursula von der Leyen, propunerea de a re\u00eenarma Europa. Sunt deosebit de binevenite propunerile de a excepta cheltuielile de ap\u0103rare de la procedura de deficit excesiv, o solu\u021bie pentru care Rom\u00e2nia a pledat \u00eenc\u0103 de la \u00eenceputul agresiunii Rusiei \u00eempotriva Ucrainei. Prezentarea diferitelor instrumente care permit cre\u0219terea investi\u021biilor \u00een domeniul ap\u0103r\u0103rii va contribui la consolidarea capacit\u0103\u021bilor \u00een cadrul EUMS \u0219i la protejarea Europei \u00een ansamblu\u201d, a scris Marcel Ciolacu pe X.\u00a0\u00a0\u00a0<\/p>\n<p>Pre\u0219edinta Comisiei Europene (CE), Ursula von der Leyen, a propus mar\u021bi un nou fond care ar putea mobiliza aproape 800 de miliarde de euro pentru investi\u021bii \u00een domeniul ap\u0103r\u0103rii \u00een Uniunea European\u0103, inclusiv pentru ajutorul militar destinat Ucrainei, informeaz\u0103 agen\u021biile str\u0103ine.<\/p>\n<p><a title='Ursula von der Leyen propune mobilizarea de 800 de miliarde de euro pentru aparare: \"Suntem intr-o era a reinarmarii\"' href=\"https:\/\/www.realitatea.net\/stiri\/actual\/ursula-von-der-leyen-propune-mobilizarea-de-800-de-miliarde-de-euro-pentru-aparare-suntem-intro-era-a-reinarmarii_67c6e250b66c5c427c6ec802\">Ursula von der Leyen propune mobilizarea de 800 de miliarde de euro pentru ap\u0103rare: \u201dSuntem \u00eentr-o er\u0103 a re\u00eenarm\u0103rii\u201d<\/a>\u00a0\u00a0\u00a0<\/p>\n<p>\u00a0<\/p>","protected":false},"excerpt":{"rendered":"<p>\u201dEuropa trebuie s\u0103 fie preg\u0103tit\u0103 s\u0103 \u00ee\u0219i men\u021bin\u0103 securitatea \u0219i ap\u0103rarea, a\u0219a cum reiese din&hellip;<\/p>\n","protected":false},"author":0,"featured_media":36656,"comment_status":"open","ping_status":"open","sticky":false,"template":"","format":"standard","meta":{"footnotes":""},"categories":[2],"tags":[],"class_list":["post-36655","post","type-post","status-publish","format-standard","has-post-thumbnail","hentry","category-actual"],"_links":{"self":[{"href":"https:\/\/247stiri.ro\/index.php\/wp-json\/wp\/v2\/posts\/36655","targetHints":{"allow":["GET"]}}],"collection":[{"href":"https:\/\/247stiri.ro\/index.php\/wp-json\/wp\/v2\/posts"}],"about":[{"href":"https:\/\/247stiri.ro\/index.php\/wp-json\/wp\/v2\/types\/post"}],"replies":[{"embeddable":true,"href":"https:\/\/247stiri.ro\/index.php\/wp-json\/wp\/v2\/comments?post=36655"}],"version-history":[{"count":0,"href":"https:\/\/247stiri.ro\/index.php\/wp-json\/wp\/v2\/posts\/36655\/revisions"}],"wp:featuredmedia":[{"embeddable":true,"href":"https:\/\/247stiri.ro\/index.php\/wp-json\/wp\/v2\/media\/36656"}],"wp:attachment":[{"href":"https:\/\/247stiri.ro\/index.php\/wp-json\/wp\/v2\/media?parent=36655"}],"wp:term":[{"taxonomy":"category","embeddable":true,"href":"https:\/\/247stiri.ro\/index.php\/wp-json\/wp\/v2\/categories?post=36655"},{"taxonomy":"post_tag","embeddable":true,"href":"https:\/\/247stiri.ro\/index.php\/wp-json\/wp\/v2\/tags?post=36655"}],"curies":[{"name":"wp","href":"https:\/\/api.w.org\/{rel}","templated":true}]}}