{"id":36660,"date":"2025-03-04T12:47:57","date_gmt":"2025-03-04T12:47:57","guid":{"rendered":"https:\/\/247stiri.ro\/index.php\/2025\/03\/04\/barbatul-acuzat-de-uciderea-unui-copil-de-7-luni-a-fost-arestat-preventiv\/"},"modified":"2025-03-04T12:47:57","modified_gmt":"2025-03-04T12:47:57","slug":"barbatul-acuzat-de-uciderea-unui-copil-de-7-luni-a-fost-arestat-preventiv","status":"publish","type":"post","link":"https:\/\/247stiri.ro\/index.php\/2025\/03\/04\/barbatul-acuzat-de-uciderea-unui-copil-de-7-luni-a-fost-arestat-preventiv\/","title":{"rendered":"B\u0103rbatul acuzat de uciderea unui copil de 7 luni a fost arestat preventiv"},"content":{"rendered":"<p>Potrivit sursei citate, b\u0103rbatul, \u00een v\u00e2rst\u0103 de 25 de ani, l-ar fi b\u0103tut pe copilul concubinei sale, iar \u00een urma loviturilor primite acesta a murit.&#8217;\u00cen fapt, s-a re\u021binut c\u0103 inculpatul i-a aplicat fiului concubinei sale, \u00een v\u00e2rst\u0103 de 7 luni, mai multe lovituri cu pumnul \u0219i palmele \u00een trei \u00eemprejur\u0103ri diferite, \u00een datele de 04.02.2025, 05.02.2025 \u0219i 07.02.2025 cauz\u00e2ndu-i leziuni la nivelul capului care au determinat decesul copilului, care a intervenit \u00een data de 7.02.2025. S-a stabilit c\u0103 inculpatul \u0219i mama victimei aveau o rela\u021bie de concubinaj ini\u021biat\u0103 \u00een urm\u0103 cu circa dou\u0103 s\u0103pt\u0103m\u00e2ni anterior comiterii faptei \u0219i c\u0103, o parte a ac\u021biunilor agresive au fost exercitate \u00een timp ce se aflau la domiciliul mamei din comuna Augustin, jud. Bra\u0219ov, \u0219i altele au fost exercitate de inculpat dup\u0103 mutarea celor doi concubini \u0219i a copilului minor \u00een localitatea Herculian, jud. Covasna, la domiciliul inculpatului&#8217;, se arat\u0103 \u00eentr-un comunicat de pres\u0103 transmis Agerpres.B\u0103rbatul a fost re\u021binut pentru 24 de ore, iar ulterior judec\u0103torul de drepturi \u0219i libert\u0103\u021bi din cadrul Tribunalului Covasna a dispus arestarea preventiv\u0103 pe o perioad\u0103 de 30 de zile, acesta fiind cercetat pentru violen\u021b\u0103 \u00een familie sub forma omorului calificat \u0219i rele tratamente aplicate minorului.\u00a0<\/p>\n<p><a title=\"Incident alarmant la o scoala: un individ a incercat sa rapeasca mai multi copii\" href=\"https:\/\/www.realitatea.net\/stiri\/extern\/incident-alarmant-la-o-scoala-un-individ-a-incercat-sa-rapeasca-mai-multi-copii_67c6e42ab66c5c427c6ec809\">Incident alarmant la o \u0219coal\u0103: un individ a \u00eencercat s\u0103 r\u0103peasc\u0103 mai mul\u021bi copii<\/a><\/p>","protected":false},"excerpt":{"rendered":"<p>Potrivit sursei citate, b\u0103rbatul, \u00een v\u00e2rst\u0103 de 25 de ani, l-ar fi b\u0103tut pe copilul&hellip;<\/p>\n","protected":false},"author":0,"featured_media":36661,"comment_status":"open","ping_status":"open","sticky":false,"template":"","format":"standard","meta":{"footnotes":""},"categories":[2],"tags":[],"class_list":["post-36660","post","type-post","status-publish","format-standard","has-post-thumbnail","hentry","category-actual"],"_links":{"self":[{"href":"https:\/\/247stiri.ro\/index.php\/wp-json\/wp\/v2\/posts\/36660","targetHints":{"allow":["GET"]}}],"collection":[{"href":"https:\/\/247stiri.ro\/index.php\/wp-json\/wp\/v2\/posts"}],"about":[{"href":"https:\/\/247stiri.ro\/index.php\/wp-json\/wp\/v2\/types\/post"}],"replies":[{"embeddable":true,"href":"https:\/\/247stiri.ro\/index.php\/wp-json\/wp\/v2\/comments?post=36660"}],"version-history":[{"count":0,"href":"https:\/\/247stiri.ro\/index.php\/wp-json\/wp\/v2\/posts\/36660\/revisions"}],"wp:featuredmedia":[{"embeddable":true,"href":"https:\/\/247stiri.ro\/index.php\/wp-json\/wp\/v2\/media\/36661"}],"wp:attachment":[{"href":"https:\/\/247stiri.ro\/index.php\/wp-json\/wp\/v2\/media?parent=36660"}],"wp:term":[{"taxonomy":"category","embeddable":true,"href":"https:\/\/247stiri.ro\/index.php\/wp-json\/wp\/v2\/categories?post=36660"},{"taxonomy":"post_tag","embeddable":true,"href":"https:\/\/247stiri.ro\/index.php\/wp-json\/wp\/v2\/tags?post=36660"}],"curies":[{"name":"wp","href":"https:\/\/api.w.org\/{rel}","templated":true}]}}