{"id":3667,"date":"2024-11-01T15:00:02","date_gmt":"2024-11-01T15:00:02","guid":{"rendered":"https:\/\/247stiri.ro\/index.php\/2024\/11\/01\/imagini-rare-cu-mihaela-radulescu-la-inceputul-carierei-cum-arata-prezentatoarea-in-urma-cu-zeci-de-ani-pe-platoul-duminica-in-familie\/"},"modified":"2024-11-01T15:00:02","modified_gmt":"2024-11-01T15:00:02","slug":"imagini-rare-cu-mihaela-radulescu-la-inceputul-carierei-cum-arata-prezentatoarea-in-urma-cu-zeci-de-ani-pe-platoul-duminica-in-familie","status":"publish","type":"post","link":"https:\/\/247stiri.ro\/index.php\/2024\/11\/01\/imagini-rare-cu-mihaela-radulescu-la-inceputul-carierei-cum-arata-prezentatoarea-in-urma-cu-zeci-de-ani-pe-platoul-duminica-in-familie\/","title":{"rendered":"Imagini rare cu Mihaela R\u0103dulescu la \u00eenceputul carierei: cum ar\u0103ta prezentatoarea \u00een urm\u0103 cu zeci de ani, pe platoul \u201eDuminica \u00een familie\u201d"},"content":{"rendered":"<p>Una dintre cele mai \u00eendr\u0103gite emisiuni pe care le-a prezentat, \u201eDuminica \u00een familie\u201d, difuzat\u0103 \u00een cadrul unui post TV, a fost un moment de referin\u021b\u0103 pentru \u00eenceputurile sale \u00een showbiz. La acea vreme, Mihaela R\u0103dulescu ap\u0103rea \u00eentr-o imagine complet diferit\u0103 fa\u021b\u0103 de stilul s\u0103u de ast\u0103zi, purt\u00e2nd ochelari de vedere \u0219i adopt\u00e2nd un look modest, dar elegant.<\/p>\n\n<p>\u00a0 \u00a0 \u00a0 \u00a0 \u00a0 \u00a0 \u00a0 \u00a0 \u00a0Mihaela R\u0103dulescu \u00een tinere\u021be \/ Sursa foto &#8211; Arhiv\u0103<\/p>\n<p><a href=\"https:\/\/www.realitatea.net\/stiri\/monden\/mihaela-radulescu-arata-fabulos-la-55-de-ani-fanii-fascinati-de-tinuta-indrazneata_66f5b1ad4f612c2ee301b882\" target=\"_blank\" rel=\"noopener\">Cariera Mihaelei \u00een televiziune<\/a> a \u00eenceput \u00een anii &#8222;90, unde \u0219i-a c\u00e2\u0219tigat rapid popularitatea gra\u021bie naturale\u021bei \u0219i stilului s\u0103u distinct. Pe parcursul anilor, ea a trecut prin c\u00e2teva schimb\u0103ri de look notabile \u2013 a fost ro\u0219cat\u0103, apoi a ales tonuri de \u0219aten \u0219i brunet, dar \u0219i-a p\u0103strat \u00eentotdeauna silueta de invidiat. De la \u201eDuminica \u00een familie\u201d, Mihaela R\u0103dulescu a continuat s\u0103 fie implicat\u0103 \u00een proiecte de televiziune importante, devenind un nume de referin\u021b\u0103 \u00een divertisment. Printre cele mai cunoscute proiecte ale sale se num\u0103r\u0103 \u201eRom\u00e2nii au talent\u201d, unde a fost membru al juriului, \u0219i \u201eFerma Vedetelor\u201d, emisiune pe care a moderat-o. Cel mai recent, a ap\u0103rut \u00een emisiunea \u201eMasked Singer\u201d, unde a fost jurat\u0103, contribuind cu experien\u021ba \u0219i umorul s\u0103u specific.<\/p>\n\n<p>\u00a0 \u00a0 \u00a0 \u00a0 \u00a0 \u00a0 \u00a0 \u00a0 Mihaela R\u0103dulescu la \u00eenceputul carierei sale &#8211; Sursa foto &#8211; Arhiv\u0103<\/p>\n<p>Plecarea din Rom\u00e2nia \u2013 o decizie pentru familie<\/p>\n<p>\u00cen plin\u0103 glorie \u0219i bucur\u00e2ndu-se de audien\u021be-record, Mihaela R\u0103dulescu a luat \u00een 2008 o decizie surprinz\u0103toare \u2013 s-a mutat definitiv din Rom\u00e2nia. Aceasta a avut loc dup\u0103 divor\u021bul de omul de afaceri Elan Schwartzenberg, o perioad\u0103 intens mediatizat\u0103, \u00een care aten\u021bia constant\u0103 a presei \u00eei f\u0103cea via\u021ba dificil\u0103. Mihaela a explicat ulterior c\u0103 a decis s\u0103 emigreze pentru a-i asigura lini\u0219tea fiului ei, dar \u0219i pentru a se \u00eendep\u0103rta de v\u00e2ltoarea mediatic\u0103.<\/p>\n\n<p>\u00a0 \u00a0 \u00a0 Mihaela R\u0103dulescu al\u0103turi de \u0218tefan B\u0103nic\u0103 JR. \u00een urm\u0103 cu zeci de ani \/ Sursa foto &#8211; Arhiv\u0103<\/p>\n<p>Pentru a-i oferi fiului s\u0103u o via\u021b\u0103 mai lini\u0219tit\u0103, <a href=\"https:\/\/www.realitatea.net\/stiri\/lifestyle\/cum-arata-mihaela-radulescu-in-tinerete-fara-operatii-estetice_5e366cd8b7934269f7268d73\" target=\"_blank\" rel=\"noopener\">Mihaela s-a mutat la Monaco<\/a>, unde \u0219i-a reconfigurat via\u021ba departe de reflectoarele din Rom\u00e2nia. Acolo, vedeta \u0219i-a reconstruit o via\u021b\u0103 de la zero, protej\u00e2nd intimitatea familiei \u0219i concentr\u00e2ndu-se pe proiecte personale.<\/p>","protected":false},"excerpt":{"rendered":"<p>Una dintre cele mai \u00eendr\u0103gite emisiuni pe care le-a prezentat, \u201eDuminica \u00een familie\u201d, difuzat\u0103 \u00een&hellip;<\/p>\n","protected":false},"author":0,"featured_media":3668,"comment_status":"open","ping_status":"open","sticky":false,"template":"","format":"standard","meta":{"footnotes":""},"categories":[8],"tags":[],"class_list":["post-3667","post","type-post","status-publish","format-standard","has-post-thumbnail","hentry","category-lifestyle"],"_links":{"self":[{"href":"https:\/\/247stiri.ro\/index.php\/wp-json\/wp\/v2\/posts\/3667","targetHints":{"allow":["GET"]}}],"collection":[{"href":"https:\/\/247stiri.ro\/index.php\/wp-json\/wp\/v2\/posts"}],"about":[{"href":"https:\/\/247stiri.ro\/index.php\/wp-json\/wp\/v2\/types\/post"}],"replies":[{"embeddable":true,"href":"https:\/\/247stiri.ro\/index.php\/wp-json\/wp\/v2\/comments?post=3667"}],"version-history":[{"count":0,"href":"https:\/\/247stiri.ro\/index.php\/wp-json\/wp\/v2\/posts\/3667\/revisions"}],"wp:featuredmedia":[{"embeddable":true,"href":"https:\/\/247stiri.ro\/index.php\/wp-json\/wp\/v2\/media\/3668"}],"wp:attachment":[{"href":"https:\/\/247stiri.ro\/index.php\/wp-json\/wp\/v2\/media?parent=3667"}],"wp:term":[{"taxonomy":"category","embeddable":true,"href":"https:\/\/247stiri.ro\/index.php\/wp-json\/wp\/v2\/categories?post=3667"},{"taxonomy":"post_tag","embeddable":true,"href":"https:\/\/247stiri.ro\/index.php\/wp-json\/wp\/v2\/tags?post=3667"}],"curies":[{"name":"wp","href":"https:\/\/api.w.org\/{rel}","templated":true}]}}