{"id":36670,"date":"2025-03-04T13:44:50","date_gmt":"2025-03-04T13:44:50","guid":{"rendered":"https:\/\/247stiri.ro\/index.php\/2025\/03\/04\/aur-sa-o-trezeasca-cineva-pe-doamna-weber-mitul-aparatoarei-democratiei-s-a-spart-in-mii-de-cioburi\/"},"modified":"2025-03-04T13:44:50","modified_gmt":"2025-03-04T13:44:50","slug":"aur-sa-o-trezeasca-cineva-pe-doamna-weber-mitul-aparatoarei-democratiei-s-a-spart-in-mii-de-cioburi","status":"publish","type":"post","link":"https:\/\/247stiri.ro\/index.php\/2025\/03\/04\/aur-sa-o-trezeasca-cineva-pe-doamna-weber-mitul-aparatoarei-democratiei-s-a-spart-in-mii-de-cioburi\/","title":{"rendered":"AUR: \u201dS\u0103 o trezeasc\u0103 cineva pe doamna Weber! Mitul ap\u0103r\u0103toarei democra\u021biei s-a spart \u00een mii de cioburi!\u201d"},"content":{"rendered":"<p>\u201dTrei luni de la lovitura de stat, trei luni de t\u0103cere din partea Avocatului Poporului! S\u0103 o trezeasc\u0103 cineva pe doamna Weber! Mitul ap\u0103r\u0103toarei democra\u021biei s-a spart \u00een mii de cioburi!<\/p>\n<p>\u00centr-o democra\u021bie real\u0103, Avocatul Poporului ar trebui s\u0103 fie ultima redut\u0103 de ap\u0103rare a drepturilor cet\u0103\u021benilor. Ar trebui s\u0103 fie institu\u021bia care intervine c\u00e2nd drepturile rom\u00e2nilor sunt c\u0103lcate \u00een picioare de puterea politic\u0103. Dar ce face Renate Weber? Tace.<\/p>\n<p>Au trecut aproape trei luni de la anularea abuziv\u0103 a alegerilor preziden\u021biale \u0219i Avocatul Poporului nu a avut nimic de obiectat! Nicio reac\u021bie, nicio contestare, nicio ac\u021biune \u00eempotriva unui abuz f\u0103r\u0103 precedent \u00een Rom\u00e2nia \u0219i \u00een Europa. Ar trebui s-o trezeasc\u0103 cineva pe doamna Weber! Mai ap\u0103r\u0103 democra\u021bia sau a predat-o cu totul intereselor PSD \u0219i PNL?<\/p>\n<p>De-a lungul mandatului s\u0103u, Renate Weber nu a ap\u0103rat niciodat\u0103 interesele cet\u0103\u021benilor, ci s-a asigurat c\u0103 PSD \u0219i PNL nu sunt deranja\u021bi. A \u00eenchis ochii la toate abuzurile guvern\u0103rii, la restric\u021biile ilegale impuse \u00een pandemie, la cre\u0219terile de taxe, la s\u0103r\u0103cirea rom\u00e2nilor, la \u00eenc\u0103lc\u0103rile repetate ale Constitu\u021biei. Anul trecut s-au comasat alegeri, rom\u00e2ni nevinova\u021bi s-au trezit cu institu\u021biile de for\u021b\u0103 la u\u0219\u0103 pentru post\u0103ri \u00een online. Acum, tace din nou, c\u00e2nd este vorba despre anularea dreptului fundamental la vot.<\/p>\n<p>Avocatul Poporului a ales s\u0103 fie avocatul puterii PSD-PNL, nu avocatul poporului rom\u00e2n!<\/p>\n<p>Rom\u00e2nii au sperat c\u0103 aceast\u0103 institu\u021bie, creat\u0103 special pentru a le ap\u0103ra drepturile \u0219i libert\u0103\u021bile, va reac\u021biona prompt \u00een fa\u021ba abuzului comis de CCR. Dar ce a f\u0103cut Renate Weber? A urmat aceea\u0219i cale a non-implic\u0103rii, gir\u00e2nd t\u0103cut\u0103 sistemul obedient al lui Iohannis, Ciolacu \u0219i al clicii lor.<\/p>\n<p>Nimic despre anularea alegerilor. Nimic despre \u00eenc\u0103lcarea grav\u0103 a principiilor democratice.<\/p>\n<p>Un om care cu adev\u0103rat reprezint\u0103 poporul ar fi trebuit s\u0103 se lupte pentru reluarea alegerilor, s\u0103 conteste decizia CCR, s\u0103 solicite vacantarea func\u021biei de pre\u0219edinte \u00eenc\u0103 din decembrie, atunci c\u00e2nd Klaus Werner Iohannis a devenit pre\u0219edinte ilegitim. Dar Renate Weber nu a f\u0103cut nimic! \u0218i acum este clar de ce: pentru c\u0103 este la fel de ilegitim\u0103 ca \u00eentreaga putere politic\u0103 din Rom\u00e2nia!<\/p>\n<p>Mandatul ei a expirat pe 26 iunie 2024. Au trecut opt luni de atunci. Cu ce drept mai st\u0103 \u00een aceast\u0103 func\u021bie? Simplu: este \u021binut\u0103 acolo de PSD \u0219i PNL, care nu vor s\u0103 permit\u0103 o schimbare!<\/p>\n<p>Ast\u0103zi, Renate Weber nu mai este Avocatul Poporului, ci doar un pion obedient al sistemului corupt care guverneaz\u0103 Rom\u00e2nia! Tacit sau activ, ea este complice la unul dintre cele mai mari abuzuri din istoria democratic\u0103 a \u021b\u0103rii.<\/p>\n<p>Rom\u00e2nii trebuie s\u0103 \u0219tie cine le-a ap\u0103rat drepturile \u0219i cine le-a v\u00e2ndut! Iar Renate Weber, prin t\u0103cerea sa, a ales s\u0103 fie de partea celor care calc\u0103 democra\u021bia \u00een picioare!\u201d, a declarat Dan Tanas\u0103, purt\u0103tor de cuv\u00e2nt \u0219i deputat AUR.\u00a0<\/p>\n<p>\u00a0<\/p>","protected":false},"excerpt":{"rendered":"<p>\u201dTrei luni de la lovitura de stat, trei luni de t\u0103cere din partea Avocatului Poporului!&hellip;<\/p>\n","protected":false},"author":0,"featured_media":36671,"comment_status":"open","ping_status":"open","sticky":false,"template":"","format":"standard","meta":{"footnotes":""},"categories":[3],"tags":[],"class_list":["post-36670","post","type-post","status-publish","format-standard","has-post-thumbnail","hentry","category-politica"],"_links":{"self":[{"href":"https:\/\/247stiri.ro\/index.php\/wp-json\/wp\/v2\/posts\/36670","targetHints":{"allow":["GET"]}}],"collection":[{"href":"https:\/\/247stiri.ro\/index.php\/wp-json\/wp\/v2\/posts"}],"about":[{"href":"https:\/\/247stiri.ro\/index.php\/wp-json\/wp\/v2\/types\/post"}],"replies":[{"embeddable":true,"href":"https:\/\/247stiri.ro\/index.php\/wp-json\/wp\/v2\/comments?post=36670"}],"version-history":[{"count":0,"href":"https:\/\/247stiri.ro\/index.php\/wp-json\/wp\/v2\/posts\/36670\/revisions"}],"wp:featuredmedia":[{"embeddable":true,"href":"https:\/\/247stiri.ro\/index.php\/wp-json\/wp\/v2\/media\/36671"}],"wp:attachment":[{"href":"https:\/\/247stiri.ro\/index.php\/wp-json\/wp\/v2\/media?parent=36670"}],"wp:term":[{"taxonomy":"category","embeddable":true,"href":"https:\/\/247stiri.ro\/index.php\/wp-json\/wp\/v2\/categories?post=36670"},{"taxonomy":"post_tag","embeddable":true,"href":"https:\/\/247stiri.ro\/index.php\/wp-json\/wp\/v2\/tags?post=36670"}],"curies":[{"name":"wp","href":"https:\/\/api.w.org\/{rel}","templated":true}]}}