{"id":36690,"date":"2025-03-04T14:44:47","date_gmt":"2025-03-04T14:44:47","guid":{"rendered":"https:\/\/247stiri.ro\/index.php\/2025\/03\/04\/de-ce-este-aproape-imposibil-ca-zelenski-sa-demisioneze-analisti-ucraineni-exista-trei-obstacole-in-demisia-lui\/"},"modified":"2025-03-04T14:44:47","modified_gmt":"2025-03-04T14:44:47","slug":"de-ce-este-aproape-imposibil-ca-zelenski-sa-demisioneze-analisti-ucraineni-exista-trei-obstacole-in-demisia-lui","status":"publish","type":"post","link":"https:\/\/247stiri.ro\/index.php\/2025\/03\/04\/de-ce-este-aproape-imposibil-ca-zelenski-sa-demisioneze-analisti-ucraineni-exista-trei-obstacole-in-demisia-lui\/","title":{"rendered":"De ce este aproape imposibil ca Zelenski s\u0103 demisioneze? Anali\u0219ti ucraineni: exist\u0103 trei obstacole \u00een demisia lui"},"content":{"rendered":"<p>Zelenski: \u201eNu va fi u\u0219or s\u0103 demisionez, trebuie s\u0103 negocieze cu mine!\u201d<\/p>\n<p><a href=\"https:\/\/www.realitatea.net\/stiri\/actual\/donald-trump-noi-atacuri-la-adresa-lui-zelenski-cea-mai-proasta-declaratie_67c5f223d6f54f2cb6115e48\" target=\"_blank\">Anali\u0219tii ucraineni<\/a> sus\u021bin c\u0103 exist\u0103 trei obstacole majore pentru organizarea de noi alegeri. Doar trei sferturi dintre sec\u021biile de votare ale Ucrainei sunt opera\u021bionale \u00een prezent, iar preg\u0103tirile pentru a aduce alegerile la standarde normale ar dura \u0219ase luni, a declarat \u0219eful adjunct al comisiei electorale a Ucrainei.<\/p>\n<p>De asemenea, constitu\u021bia Ucrainei prevede, la demisia pre\u0219edintelui, ca \u0219eful parlamentului s\u0103 \u00eei ia locul p\u00e2n\u0103 la \u00eencheierea alegerilor. Mai mult, <a href=\"https:\/\/www.realitatea.net\/stiri\/actual\/zelenski-este-pregatit-sa-semneze-cu-americanii-pentru-vanzarea-resurselor-dar-pune-conditii_67c5ddbba684c73ad5572622\" target=\"_blank\">Ucraina se afl\u0103 \u00een prezent sub legea mar\u021bial\u0103<\/a>, interzic\u00e2nd alegerile p\u00e2n\u0103 c\u00e2nd legea mar\u021bial\u0103 este ridicat\u0103, ceea ce \u00eenseamn\u0103 c\u0103 ar fi nevoie de o \u00eencetare a focului.<\/p>\n<p>\u201eNu va fi u\u0219or, pentru c\u0103 nu e suficient doar s\u0103 \u021bii aceste alegeri. Va trebui mai \u00eent\u00e2i s\u0103 m\u0103 excluzi pe mine din a participa la alegeri, a\u0219a c\u0103 va fi mai dificil. Va trebui s\u0103 se negocieze cu mine. Eu am spus c\u0103 m\u0103 dau la schimb pentru aderarea NATO, asta ar \u00eensemna c\u0103 mi-am dus p\u00e2n\u0103 la cap\u0103t misiunea.\u201d, a transmis Volodimir Zelenski, pre\u0219edintele Ucrainei.<\/p>\n<p>\u00a0<\/p>","protected":false},"excerpt":{"rendered":"<p>Zelenski: \u201eNu va fi u\u0219or s\u0103 demisionez, trebuie s\u0103 negocieze cu mine!\u201d Anali\u0219tii ucraineni sus\u021bin&hellip;<\/p>\n","protected":false},"author":0,"featured_media":36691,"comment_status":"open","ping_status":"open","sticky":false,"template":"","format":"standard","meta":{"footnotes":""},"categories":[4],"tags":[],"class_list":["post-36690","post","type-post","status-publish","format-standard","has-post-thumbnail","hentry","category-extern"],"_links":{"self":[{"href":"https:\/\/247stiri.ro\/index.php\/wp-json\/wp\/v2\/posts\/36690","targetHints":{"allow":["GET"]}}],"collection":[{"href":"https:\/\/247stiri.ro\/index.php\/wp-json\/wp\/v2\/posts"}],"about":[{"href":"https:\/\/247stiri.ro\/index.php\/wp-json\/wp\/v2\/types\/post"}],"replies":[{"embeddable":true,"href":"https:\/\/247stiri.ro\/index.php\/wp-json\/wp\/v2\/comments?post=36690"}],"version-history":[{"count":0,"href":"https:\/\/247stiri.ro\/index.php\/wp-json\/wp\/v2\/posts\/36690\/revisions"}],"wp:featuredmedia":[{"embeddable":true,"href":"https:\/\/247stiri.ro\/index.php\/wp-json\/wp\/v2\/media\/36691"}],"wp:attachment":[{"href":"https:\/\/247stiri.ro\/index.php\/wp-json\/wp\/v2\/media?parent=36690"}],"wp:term":[{"taxonomy":"category","embeddable":true,"href":"https:\/\/247stiri.ro\/index.php\/wp-json\/wp\/v2\/categories?post=36690"},{"taxonomy":"post_tag","embeddable":true,"href":"https:\/\/247stiri.ro\/index.php\/wp-json\/wp\/v2\/tags?post=36690"}],"curies":[{"name":"wp","href":"https:\/\/api.w.org\/{rel}","templated":true}]}}