{"id":36703,"date":"2025-03-04T14:44:52","date_gmt":"2025-03-04T14:44:52","guid":{"rendered":"https:\/\/247stiri.ro\/index.php\/2025\/03\/04\/principala-problema-a-parchetelor-lipsa-de-personal-la-parchetul-tribunalului-galati-lucraza-doar-un-singur-procuror\/"},"modified":"2025-03-04T14:44:52","modified_gmt":"2025-03-04T14:44:52","slug":"principala-problema-a-parchetelor-lipsa-de-personal-la-parchetul-tribunalului-galati-lucraza-doar-un-singur-procuror","status":"publish","type":"post","link":"https:\/\/247stiri.ro\/index.php\/2025\/03\/04\/principala-problema-a-parchetelor-lipsa-de-personal-la-parchetul-tribunalului-galati-lucraza-doar-un-singur-procuror\/","title":{"rendered":"Principala problem\u0103 a parchetelor: lipsa de personal. La Parchetul Tribunalului Gala\u0163i lucraz\u0103 doar un singur procuror"},"content":{"rendered":"<p>\u201eCred c\u0103 a fost un an greu pentru mul\u0163i dintre colegii no\u015ftri procurori, dar \u015fi pentru victimele multor infrac\u0163iuni a fost, de asemenea, un an greu \u015fi cred c\u0103 principala problem\u0103 cu care ne-am confruntat \u015fi noi, \u00een cadrul Consiliului, \u015fi dumneavoastr\u0103, a fost o lips\u0103 de personal la anumite niveluri ierarhice, mai ales \u00een unele parchete jude\u0163ene, parchete de pe l\u00e2ng\u0103 tribunale. Mie \u00eemi place s\u0103 spun parchete jude\u0163ene pentru c\u0103 aceasta este aria lor de competen\u0163\u0103 \u015fi aceste probleme probabil nu vor fi rezolvate prea cur\u00e2nd. Trebuie s\u0103 men\u0163ion\u0103m aici situa\u0163ia unor parchete, cum ar fi Parchetul Tribunalului Gala\u0163i, unde este un singur procuror,\u00a0 Parchetul pe l\u00e2ng\u0103 Tribunalul Br\u0103ila, unde sunt doi procurori, Parchetul pe l\u00e2ng\u0103 Tribunalul Olt, unde sunt patru procurori, \u015fi exemplele pot continua pentru c\u0103 sunt multe parchete de pe l\u00e2ng\u0103 tribunale, Cara\u015f-Severin, de asemenea, sunt trei procurori, sunt multe parchete de pe l\u00e2ng\u0103 tribunale aflate \u00een pragul dispari\u0163iei de facto\u201d, a declarat Claudiu Sandu, mar\u0163i, la bilan\u0163ul Parchetului General.\u00a0El a explicat de ce s-a ajuns \u00een astfel de situa\u0163ii: \u201ecalitatea precar\u0103 a legii\u201d\u00a0\u201eCauza este calitatea precar\u0103 a legii. (&#8230;) Faptul c\u0103 mediul politic este refractar \u00een a modifica Legea justi\u0163iei (&#8230;) conduce la situa\u0163ii cu care mai devreme sau mai t\u00e2rziu ne vom \u00eent\u00e2lni. \u015ei dispari\u0163ia, de fapt, a unui parchet de pe l\u00e2ng\u0103 tribunal ar putea conduce la o nou\u0103 realitate cu care nu ne-am mai confruntat \u015fi pentru care Consiliul Superior Magistraturii nu are p\u00e2rghii legale s\u0103 intervin\u0103. Ne-am dori s\u0103 le avem, dar nu le avem. Singura p\u00e2rghie pe care am avut-o \u015fi am uzitat-o a fost aceea de a \u00eencerca de la preluarea mandatului s\u0103 convingem mini\u015ftrii Justi\u0163iei care s-au perindat s\u0103 modifice legea, s\u0103 scad\u0103 vechimea necesar\u0103 pentru promovare a magistra\u0163ilor astfel \u00eenc\u00e2t s\u0103 putem completa locuri care \u015ftiam din start c\u0103 vor deveni din ce \u00een ce mai pu\u0163ini procurori pe nivelul de parchete de tribunale \u015fi s\u0103 reu\u015fim s\u0103 aducem oameni mai tineri cu care s\u0103 complet\u0103m acele locuri. Nu am reu\u015fit s\u0103 modific\u0103m legea \u015fi iat\u0103-ne \u00een situa\u0163ia \u00een care la Parchetul Tribunalului Gala\u0163i este un singur procuror \u015fi acela promovabil. Prin urmare, cred c\u0103 aceasta este o problem\u0103 mare a sistemului judiciar\u201d, a transmis Claudiu Sandu.\u00a0\u00a0O alt\u0103 problem\u0103 identificat\u0103 de vicepre\u015fedintele CSM a fost neocuparea unor func\u0163ii de conducere.\u00a0\u00a0\u201eCred c\u0103 a\u0163i observat cu to\u0163ii c\u0103 Sec\u0163ia de procurori face demersuri intense pentru a convinge colegii no\u015ftri s\u0103 se \u00eenscrie la aceste func\u0163ii de conducere, fie s\u0103 se \u00eenscrie la func\u0163ie de prim-procurori sau procurori generali, urm\u00e2nd a parcurge toate etapele acestui concurs, fie s\u0103 se \u00eenscrie la procedurile de numire care se fac \u00een fa\u0163a sec\u0163iei de procurori \u015fi care const\u0103 doar \u00eentr-un interviu. \u00cen ultimul timp, aceasta \u00eensemn\u00e2nd ultimele \u015fase luni, num\u0103rul interviurilor a crescut vertiginos, ceea ce \u00eenseamn\u0103 c\u0103 foarte multe unit\u0103\u0163i de parchet, inclusiv DNA \u015fi DIICOT, au \u00een\u0163eles aceast\u0103 necesitate de a ocupa func\u0163ie de conducere \u015fi au procedat ca atare\u201d, a mai transmis vicepre\u015fedintele CSM.\u00a0\u00a0El s-a referit \u015fi la parchetele mici, care nu prea \u00ee\u015fi mai justific\u0103 existen\u0163a.\u00a0\u00a0\u201e\u00cen mod corect, domnul procuror general a observat c\u0103 mai exist\u0103 o problem\u0103, \u015fi anume problema parchetelor mici care nu prea \u00ee\u015fi justific\u0103 existen\u0163a. Ne afl\u0103m \u00een ultimii 35 de ani \u00eentr-o lips\u0103 a vreunei reforme reale judiciare care a perpetuat aceast\u0103 existen\u0163\u0103 a unor instan\u0163e \u015fi parchete mici \u00een localit\u0103\u0163i care nu mai au locuitori, au foarte pu\u0163ini locuitori, cu num\u0103r mic de dosare, care nu justific\u0103 existen\u0163a \u00een condi\u0163iile \u00een care parchete mari, cu num\u0103r mare de dosare, au un volum de munc\u0103 mult mai mare. De asemenea, Consiliul nu are p\u00e2rghii legale pentru a echilibra aceast\u0103 situa\u0163ie, astfel \u00eenc\u00e2t la salarizare egal\u0103 sunt procurori care muncesc dublu sau triplu dec\u00e2t al\u0163i procurori. \u015ei aceasta este o realitate, indiferent dac\u0103 ne place sau nu\u201d, a mai afirmat Claudiu Sandu.<\/p>","protected":false},"excerpt":{"rendered":"<p>\u201eCred c\u0103 a fost un an greu pentru mul\u0163i dintre colegii no\u015ftri procurori, dar \u015fi&hellip;<\/p>\n","protected":false},"author":0,"featured_media":36704,"comment_status":"open","ping_status":"open","sticky":false,"template":"","format":"standard","meta":{"footnotes":""},"categories":[2],"tags":[],"class_list":["post-36703","post","type-post","status-publish","format-standard","has-post-thumbnail","hentry","category-actual"],"_links":{"self":[{"href":"https:\/\/247stiri.ro\/index.php\/wp-json\/wp\/v2\/posts\/36703","targetHints":{"allow":["GET"]}}],"collection":[{"href":"https:\/\/247stiri.ro\/index.php\/wp-json\/wp\/v2\/posts"}],"about":[{"href":"https:\/\/247stiri.ro\/index.php\/wp-json\/wp\/v2\/types\/post"}],"replies":[{"embeddable":true,"href":"https:\/\/247stiri.ro\/index.php\/wp-json\/wp\/v2\/comments?post=36703"}],"version-history":[{"count":0,"href":"https:\/\/247stiri.ro\/index.php\/wp-json\/wp\/v2\/posts\/36703\/revisions"}],"wp:featuredmedia":[{"embeddable":true,"href":"https:\/\/247stiri.ro\/index.php\/wp-json\/wp\/v2\/media\/36704"}],"wp:attachment":[{"href":"https:\/\/247stiri.ro\/index.php\/wp-json\/wp\/v2\/media?parent=36703"}],"wp:term":[{"taxonomy":"category","embeddable":true,"href":"https:\/\/247stiri.ro\/index.php\/wp-json\/wp\/v2\/categories?post=36703"},{"taxonomy":"post_tag","embeddable":true,"href":"https:\/\/247stiri.ro\/index.php\/wp-json\/wp\/v2\/tags?post=36703"}],"curies":[{"name":"wp","href":"https:\/\/api.w.org\/{rel}","templated":true}]}}