{"id":36729,"date":"2025-03-04T15:45:36","date_gmt":"2025-03-04T15:45:36","guid":{"rendered":"https:\/\/247stiri.ro\/index.php\/2025\/03\/04\/viktor-orban-intalnire-la-paris-cu-macron-inaintea-summitului-extraordinar-ue-el-critica-atitudinea-aliatilor-europeni-si-prapastia-transatlantica-in-contextul-ra\/"},"modified":"2025-03-04T15:45:36","modified_gmt":"2025-03-04T15:45:36","slug":"viktor-orban-intalnire-la-paris-cu-macron-inaintea-summitului-extraordinar-ue-el-critica-atitudinea-aliatilor-europeni-si-prapastia-transatlantica-in-contextul-ra","status":"publish","type":"post","link":"https:\/\/247stiri.ro\/index.php\/2025\/03\/04\/viktor-orban-intalnire-la-paris-cu-macron-inaintea-summitului-extraordinar-ue-el-critica-atitudinea-aliatilor-europeni-si-prapastia-transatlantica-in-contextul-ra\/","title":{"rendered":"Viktor Orban, \u00eent\u00e2lnire la Paris cu Macron \u00eenaintea summitului extraordinar UE. El critic\u0103 atitudinea \u201dalia\u0163ilor europeni\u201d \u015fi \u201dpr\u0103pastia transatlantic\u0103\u201d \u00een contextul r\u0103zboiului din Ucraina"},"content":{"rendered":"<p>\u201eUnii vor r\u0103zboiul, iar al\u0163ii vor pacea. Aceasta este provocarea \u00een fa\u0163a c\u0103reia suntem\u201d, a declarat mar\u0163i presei, la Budapesta, \u015feful Guvernului ungar.<\/p>\n<p>El depl\u00e2nge atitudinea \u201ealia\u0163ilor (s\u0103i) europeni\u201d \u015fi \u201epr\u0103pastia transatlnatic\u0103\u201d.<\/p>\n<p>Viktor Orban, care nu pierde nicio ocazie s\u0103-\u015fi afi\u015feze apropiere fa\u0163\u0103 de Vladimir Putin \u015fi Donald Trump, anun\u0163\u0103 c\u0103 vede \u015fanse mai mari s\u0103 se ajung\u0103 la un acord al securit\u0103\u0163ii comune a Uniunii Europene (UE) dec\u00e2t la un acord al unei sus\u0163ineri sporite a Ucrainei.<\/p>","protected":false},"excerpt":{"rendered":"<p>\u201eUnii vor r\u0103zboiul, iar al\u0163ii vor pacea. Aceasta este provocarea \u00een fa\u0163a c\u0103reia suntem\u201d, a&hellip;<\/p>\n","protected":false},"author":0,"featured_media":36721,"comment_status":"open","ping_status":"open","sticky":false,"template":"","format":"standard","meta":{"footnotes":""},"categories":[2],"tags":[],"class_list":["post-36729","post","type-post","status-publish","format-standard","has-post-thumbnail","hentry","category-actual"],"_links":{"self":[{"href":"https:\/\/247stiri.ro\/index.php\/wp-json\/wp\/v2\/posts\/36729","targetHints":{"allow":["GET"]}}],"collection":[{"href":"https:\/\/247stiri.ro\/index.php\/wp-json\/wp\/v2\/posts"}],"about":[{"href":"https:\/\/247stiri.ro\/index.php\/wp-json\/wp\/v2\/types\/post"}],"replies":[{"embeddable":true,"href":"https:\/\/247stiri.ro\/index.php\/wp-json\/wp\/v2\/comments?post=36729"}],"version-history":[{"count":0,"href":"https:\/\/247stiri.ro\/index.php\/wp-json\/wp\/v2\/posts\/36729\/revisions"}],"wp:featuredmedia":[{"embeddable":true,"href":"https:\/\/247stiri.ro\/index.php\/wp-json\/wp\/v2\/media\/36721"}],"wp:attachment":[{"href":"https:\/\/247stiri.ro\/index.php\/wp-json\/wp\/v2\/media?parent=36729"}],"wp:term":[{"taxonomy":"category","embeddable":true,"href":"https:\/\/247stiri.ro\/index.php\/wp-json\/wp\/v2\/categories?post=36729"},{"taxonomy":"post_tag","embeddable":true,"href":"https:\/\/247stiri.ro\/index.php\/wp-json\/wp\/v2\/tags?post=36729"}],"curies":[{"name":"wp","href":"https:\/\/api.w.org\/{rel}","templated":true}]}}