{"id":36730,"date":"2025-03-04T15:45:37","date_gmt":"2025-03-04T15:45:37","guid":{"rendered":"https:\/\/247stiri.ro\/index.php\/2025\/03\/04\/ce-salariu-primeste-lunar-ursula-von-der-leyen-si-care-este-averea-sa-conform-presei-germane\/"},"modified":"2025-03-04T15:45:37","modified_gmt":"2025-03-04T15:45:37","slug":"ce-salariu-primeste-lunar-ursula-von-der-leyen-si-care-este-averea-sa-conform-presei-germane","status":"publish","type":"post","link":"https:\/\/247stiri.ro\/index.php\/2025\/03\/04\/ce-salariu-primeste-lunar-ursula-von-der-leyen-si-care-este-averea-sa-conform-presei-germane\/","title":{"rendered":"Ce salariu prime\u0219te lunar Ursula von der Leyen \u0219i care este averea sa, conform presei germane"},"content":{"rendered":"<p>Ursula von der Leyen, pre\u0219edinta Comisiei Europene, beneficiaz\u0103 de un venit considerabil \u0219i o avere notabil\u0103. Aceasta c\u00e2\u0219tig\u0103 lunar 32.500 de euro, ceea ce se traduce \u00eentr-un venit anual de 390.000 de euro. Conform informa\u021biilor de pe Vermoegensmagazin.de, averea sa este estimat\u0103 la aproximativ 3 milioane de euro. \u00cenainte de a se lansa \u00een cariera politic\u0103, von der Leyen a activat \u00een domeniul medical, absolvind \u0218coala de Medicin\u0103 din Hanovra \u00een 1987. \u00cen 1991 a ob\u021binut doctoratul, iar \u00eentre 1997 \u0219i 2001 a urmat studii postuniversitare, finaliz\u00e2nd un master \u00een S\u0103n\u0103tate Public\u0103.<\/p>\n<p>Activitatea sa politic\u0103 a \u00eenceput \u00een 1990, iar \u00een 2003 a fost aleas\u0103 \u00een parlamentul landului Saxonia Inferioar\u0103. Rapid, a devenit ministru al afacerilor sociale, femeilor, familiei \u0219i s\u0103n\u0103t\u0103\u021bii. A fost prima femeie care a condus Ministerul Ap\u0103r\u0103rii din Germania, iar \u00een vara anului 2019, Consiliul European a desemnat-o pre\u0219edint\u0103 a Comisiei Europene, fiind astfel prima femeie care ocup\u0103 aceast\u0103 pozi\u021bie \u00een istoria Uniunii Europene.<\/p>\n<p><a title=\"Ursula von der Leyen, brat la brat cu Zelenski, il sfideaza pe Trump. Ucraina ar putea adera mai repede la UE\" href=\"https:\/\/www.realitatea.net\/stiri\/extern\/ursula-von-der-leyen-brat-la-brat-cu-zelenski-il-sfideaza-pe-trump-ucraina-ar-putea-adera-mai-repede-la-ue_67bcafa07a7b3a1b125f8296\">Ursula von der Leyen, bra\u021b la bra\u021b cu Zelenski, \u00eel sfideaz\u0103 pe Trump. Ucraina ar putea adera mai repede la UE<\/a><\/p>\n<p>\u00cen prezent, Ursula von der Leyen are un salariu brut de 32.500 de euro pe lun\u0103, ceea ce \u00eenseamn\u0103 un total anual de 390.000 de euro. Pe l\u00e2ng\u0103 venitul de baz\u0103, beneficiaz\u0103 de diverse indemniza\u021bii, cheltuieli de c\u0103l\u0103torie \u0219i aloca\u021bii pentru locuin\u021b\u0103. Veniturile sale au crescut treptat de-a lungul carierei, av\u00e2nd un salariu de 5.000 de euro brut lunar ca medic \u0219i asistent de cercetare, iar ulterior, ca ministru federal, a c\u00e2\u0219tigat aproximativ 15.000 de euro.<\/p>\n<p>Ca ministru federal \u0219i membru al Bundestag-ului, venitul s\u0103u lunar ajungea la circa 19.000 de euro brut, iar la \u00eenceputul mandatului ca pre\u0219edinte al Comisiei Europene, c\u00e2\u0219tiga aproximativ 25.500 de euro lunar. Ulterior, salariul s\u0103u a crescut la 32.500 de euro, f\u0103r\u0103 a include aloca\u021bia de expatriere. Pe 4 martie 2025, Ursula von der Leyen a sus\u021binut o conferin\u021b\u0103 de pres\u0103 la Bruxelles, unde a prezentat un nou proiect pentru Europa, urm\u00e2nd ca joi s\u0103-l dezv\u0103luie \u0219i \u00een fa\u021ba celorlal\u021bi lideri europeni.<\/p>\n<p><a title='Ursula von der Leyen propune mobilizarea de 800 de miliarde de euro pentru aparare: \"Suntem intr-o era a reinarmarii\"' href=\"https:\/\/www.realitatea.net\/stiri\/actual\/ursula-von-der-leyen-propune-mobilizarea-de-800-de-miliarde-de-euro-pentru-aparare-suntem-intro-era-a-reinarmarii_67c6e250b66c5c427c6ec802\">Ursula von der Leyen propune mobilizarea de 800 de miliarde de euro pentru ap\u0103rare: \u201dSuntem \u00eentr-o er\u0103 a re\u00eenarm\u0103rii\u201d<\/a><\/p>","protected":false},"excerpt":{"rendered":"<p>Ursula von der Leyen, pre\u0219edinta Comisiei Europene, beneficiaz\u0103 de un venit considerabil \u0219i o avere&hellip;<\/p>\n","protected":false},"author":0,"featured_media":36687,"comment_status":"open","ping_status":"open","sticky":false,"template":"","format":"standard","meta":{"footnotes":""},"categories":[2],"tags":[],"class_list":["post-36730","post","type-post","status-publish","format-standard","has-post-thumbnail","hentry","category-actual"],"_links":{"self":[{"href":"https:\/\/247stiri.ro\/index.php\/wp-json\/wp\/v2\/posts\/36730","targetHints":{"allow":["GET"]}}],"collection":[{"href":"https:\/\/247stiri.ro\/index.php\/wp-json\/wp\/v2\/posts"}],"about":[{"href":"https:\/\/247stiri.ro\/index.php\/wp-json\/wp\/v2\/types\/post"}],"replies":[{"embeddable":true,"href":"https:\/\/247stiri.ro\/index.php\/wp-json\/wp\/v2\/comments?post=36730"}],"version-history":[{"count":0,"href":"https:\/\/247stiri.ro\/index.php\/wp-json\/wp\/v2\/posts\/36730\/revisions"}],"wp:featuredmedia":[{"embeddable":true,"href":"https:\/\/247stiri.ro\/index.php\/wp-json\/wp\/v2\/media\/36687"}],"wp:attachment":[{"href":"https:\/\/247stiri.ro\/index.php\/wp-json\/wp\/v2\/media?parent=36730"}],"wp:term":[{"taxonomy":"category","embeddable":true,"href":"https:\/\/247stiri.ro\/index.php\/wp-json\/wp\/v2\/categories?post=36730"},{"taxonomy":"post_tag","embeddable":true,"href":"https:\/\/247stiri.ro\/index.php\/wp-json\/wp\/v2\/tags?post=36730"}],"curies":[{"name":"wp","href":"https:\/\/api.w.org\/{rel}","templated":true}]}}