{"id":36735,"date":"2025-03-04T16:46:08","date_gmt":"2025-03-04T16:46:08","guid":{"rendered":"https:\/\/247stiri.ro\/index.php\/2025\/03\/04\/ministerul-educatiei-despre-performanta-la-nivel-de-liceu-nu-arata-bine-modelele-pe-care-le-avem-nu-mai-sunt-adecvate\/"},"modified":"2025-03-04T16:46:08","modified_gmt":"2025-03-04T16:46:08","slug":"ministerul-educatiei-despre-performanta-la-nivel-de-liceu-nu-arata-bine-modelele-pe-care-le-avem-nu-mai-sunt-adecvate","status":"publish","type":"post","link":"https:\/\/247stiri.ro\/index.php\/2025\/03\/04\/ministerul-educatiei-despre-performanta-la-nivel-de-liceu-nu-arata-bine-modelele-pe-care-le-avem-nu-mai-sunt-adecvate\/","title":{"rendered":"Ministerul Educa\u021biei, despre performan\u021ba la nivel de liceu: \u201dNu arat\u0103 bine. Modelele pe care le avem nu mai sunt adecvate\u201d"},"content":{"rendered":"<p><a href=\"https:\/\/www.realitatea.net\/stiri\/actual\/daniel-david-invatamantul-rural-trebuie-regandit-paradigmatic-in-acest-moment-functioneaza-in-mod-de-avarie_67c062d6e0fa7140f6751863\" target=\"_blank\">Daniel David<\/a> a explicat, \u00een cadrul unei dezbateri publice privind proiectele de planuri-cadru pentru \u00eenv\u0103\u0163\u0103m\u00e2ntul liceal c\u0103 a \u00eenceput acest demers sub o oarecare presiune.<\/p>\n<p>\u201dEste o presiune legal\u0103. Noua lege reg\u00e2nde\u015fte bacalaureatul, trebuie s\u0103 reg\u00e2ndim disciplinele \u015fi leg\u0103tura cu bacalaureatul. Este o presiune curricular\u0103. Ar trebuit s\u0103 facem acest lucru din 2021, ca genera\u0163ia de la gimnaziu, care a intrat pe noile planuri-cadru \u00een 2017, s\u0103 intre \u00eentr-o logic\u0103 similar\u0103, oarecum \u015fi la nivel de liceu. Este o presiune legat\u0103 de \u00eenc\u0103rcarea pe care o punem pe umerii copiilor no\u015ftri. \u015ei este o presiune care vine din performan\u0163a sistemului, vr\u00e2nd nevr\u00e2nd la orice dat\u0103 ne uit\u0103m, PISA sau alte rezultate interna\u0163ionale, performan\u0163a la nivel de liceu nu arat\u0103 bine. Intr\u0103 tineri inteligen\u0163i creativi, cu inteligen\u0163\u0103 \u015fi creativitate similare celor pe care le vedem \u015fi \u00een alte \u0163\u0103ri vestice, nu ies oameni la fel de performan\u0163i. Asta mie \u00eemi spune c\u0103 modelele pe care le avem \u00een zona \u00eenv\u0103\u0163\u0103m\u00e2ntului liceal \u00een acest moment nu mai sunt adecvate. Trebuie s\u0103 le schimb\u0103m\u201d, a afirmat ministrul Educa\u0163iei.<\/p>\n<p>\u0218eful de la Educa\u021bie a transmis c\u0103 primele zile dup\u0103 ce a pus \u00een dezbatere public\u0103 proiectele de planuri-cadru a primit ori critici foarte dure, ori aplauze.<\/p>\n<p>\u201d\u00cen primele zile nu am primit dec\u00e2t atitudini de-astea a\u015fa bipolare. Ori critici foarte dure, ori aplauze. Sigur venite din zone diferite. N-are sens acum s\u0103 mai insist ca s\u0103 nu antagonizez zonele respective. Dup\u0103 primele zile, oamenii au \u00een\u0163eles c\u0103 totu\u015fi noi suntem serio\u015fi, c\u0103 avem o perioad\u0103 de dezbatere, de consultare, c\u0103 nu sunt impresionat de critici, nici de laude, c\u0103 nu m\u0103 ajut\u0103 nici laudele. Ssuntem deschi\u015fi spre analize serioase, astfel \u00eenc\u00e2t am \u00eenceput s\u0103 trecem dincolo de formula nu se poate \u015fi c\u0103 nu trebuie schimbat sau discut\u0103m pe num\u0103r de ore, am ajuns la formula \u00een care reg\u00e2ndim modelele \u00een care diverse discipline doresc s\u0103 se proiecteze \u00een secolul XXI la nivelul \u00eenv\u0103\u0163\u0103m\u00e2ntului liceal\u201d, a mai spus Daniel David.<\/p>\n<p>Totodat\u0103, el a \u021binut s\u0103 precizeze c\u0103 dup\u0103 intrarea \u00een vigoare a planurilor cadru ministrul Educa\u0163iei nu mai stabile\u015fte num\u0103rul de ore \u015fi obligativitatea acestora \u00een toat\u0103 \u0163ara.<\/p>\n<p>\u201dUn element cheie, fundamental, este legat de descentralizare astfel \u00eenc\u00e2t nu mai este ministrul cel care stabile\u015fte din cabinet, prin ordinul de ministru num\u0103rul de ore \u015fi obligativitatea orelor din Bucure\u015fti p\u00e2n\u0103 \u00een v\u00e2rful Mun\u0163ilor Aposeni. Un num\u0103r zic eu, destul de important de ore, 15% \u00een medie a fost descentralizat spre decizia elevilor. \u015ecoala ofer\u0103, elevii vor alege, \u015fi exist\u0103 iar\u0103\u015fi un procent destul de important din curriculum de specialitate care este flexibil \u015fi unde decizia va veni la nivelul \u015fcolii\u201d, a men\u021bionat Daniel David.<\/p>\n<p>\u00cen plus, oficialul a subliniat c\u0103 \u00ee\u0219i dore\u015fte ca tinerii s\u0103 ias\u0103 din liceu buni speciali\u015fti, cu nivelul de calificare trei-patru, buni cet\u0103\u0163eni, mul\u0163umi\u0163i de propria via\u0163\u0103, adic\u0103 echilibra\u0163i psihologic, iar pentru asta este nevoie de un echilibru \u00eentre patru componente.<\/p>\n<p>\u201dCiviliza\u0163ia noastr\u0103 s-a fondat pe cei doi piloni: \u015ftiin\u0163\u0103 \u015fi religie, \u015fi ambii piloni sunt acolo. Dup\u0103 aceea ai componenta de cultur\u0103 na\u0163ional\u0103. \u015ei a\u0163i v\u0103zut dezbaterele publice pe care le-am avut, inclusiv cu pre\u015fedintele Academiei c\u00e2nd i-am spus foarte clar, sunt ore \u015fi putem da ore pentru elemente de cultur\u0103 na\u0163ional\u0103, \u00een condi\u0163iile \u00een care v\u0103d cultur\u0103 na\u0163ional\u0103. Noi nu avem geografia Rom\u00e2niei, nu avem istoria Rom\u00e2niei de 20 de ani. Haide\u0163i s\u0103 reg\u00e2ndim istoria, s\u0103 reg\u00e2ndim geografia, s\u0103 readucem gramatica la liceu fiindc\u0103 copiii no\u015ftri nu mai vorbesc corect limba rom\u00e2n\u0103. \u015ei atunci da, d\u0103m ore pentru elemente de cultur\u0103 na\u0163ional\u0103, dar s\u0103 reg\u00e2ndim modelul, nu pe modelul vechi. \u015ei a patra component\u0103 acele discipline care ne preg\u0103tesc pentru via\u0163\u0103. \u015ei a\u0163i v\u0103zut acolo consiliere \u015fi orientare, to\u0163i ne pl\u00e2ngem de consumul de droguri, ne pl\u00e2ngem de comportament alimentar nes\u0103n\u0103tos, sex neprotejat, agresivitate. Am venit cu propuneri noi legate de stil de via\u0163\u0103 s\u0103n\u0103tos\u201d, a conchis Daniel David.<\/p>","protected":false},"excerpt":{"rendered":"<p>Daniel David a explicat, \u00een cadrul unei dezbateri publice privind proiectele de planuri-cadru pentru \u00eenv\u0103\u0163\u0103m\u00e2ntul&hellip;<\/p>\n","protected":false},"author":0,"featured_media":36736,"comment_status":"open","ping_status":"open","sticky":false,"template":"","format":"standard","meta":{"footnotes":""},"categories":[2],"tags":[],"class_list":["post-36735","post","type-post","status-publish","format-standard","has-post-thumbnail","hentry","category-actual"],"_links":{"self":[{"href":"https:\/\/247stiri.ro\/index.php\/wp-json\/wp\/v2\/posts\/36735","targetHints":{"allow":["GET"]}}],"collection":[{"href":"https:\/\/247stiri.ro\/index.php\/wp-json\/wp\/v2\/posts"}],"about":[{"href":"https:\/\/247stiri.ro\/index.php\/wp-json\/wp\/v2\/types\/post"}],"replies":[{"embeddable":true,"href":"https:\/\/247stiri.ro\/index.php\/wp-json\/wp\/v2\/comments?post=36735"}],"version-history":[{"count":0,"href":"https:\/\/247stiri.ro\/index.php\/wp-json\/wp\/v2\/posts\/36735\/revisions"}],"wp:featuredmedia":[{"embeddable":true,"href":"https:\/\/247stiri.ro\/index.php\/wp-json\/wp\/v2\/media\/36736"}],"wp:attachment":[{"href":"https:\/\/247stiri.ro\/index.php\/wp-json\/wp\/v2\/media?parent=36735"}],"wp:term":[{"taxonomy":"category","embeddable":true,"href":"https:\/\/247stiri.ro\/index.php\/wp-json\/wp\/v2\/categories?post=36735"},{"taxonomy":"post_tag","embeddable":true,"href":"https:\/\/247stiri.ro\/index.php\/wp-json\/wp\/v2\/tags?post=36735"}],"curies":[{"name":"wp","href":"https:\/\/api.w.org\/{rel}","templated":true}]}}